{"id":3983,"date":"2023-02-27T20:42:25","date_gmt":"2023-02-28T00:42:25","guid":{"rendered":"https:\/\/site.ac-martinique.fr\/clg-edmondlucienvalard\/?p=3983"},"modified":"2023-03-07T17:31:47","modified_gmt":"2023-03-07T21:31:47","slug":"m-comme-medee-une-piece-de-theatre-tres-appreciee","status":"publish","type":"post","link":"https:\/\/site.ac-martinique.fr\/clg-edmondlucienvalard\/?p=3983","title":{"rendered":"\u00ab\u00a0M comme M\u00e9d\u00e9e\u00a0\u00bb, une pi\u00e8ce de th\u00e9\u00e2tre tr\u00e8s appr\u00e9ci\u00e9e"},"content":{"rendered":"<p style=\"text-align: justify;\"><a href=\"https:\/\/site.ac-martinique.fr\/clg-edmondlucienvalard\/wp-content\/uploads\/sites\/57\/2023\/02\/M-comme-Medee-2-fev-2022-1.jpg\"><img loading=\"lazy\" decoding=\"async\" class=\"size-medium wp-image-3984 alignleft\" src=\"https:\/\/site.ac-martinique.fr\/clg-edmondlucienvalard\/wp-content\/uploads\/sites\/57\/2023\/02\/M-comme-Medee-2-fev-2022-1-300x135.jpg\" alt=\"\" width=\"300\" height=\"135\" srcset=\"https:\/\/site.ac-martinique.fr\/clg-edmondlucienvalard\/wp-content\/uploads\/sites\/57\/2023\/02\/M-comme-Medee-2-fev-2022-1-300x135.jpg 300w, https:\/\/site.ac-martinique.fr\/clg-edmondlucienvalard\/wp-content\/uploads\/sites\/57\/2023\/02\/M-comme-Medee-2-fev-2022-1-1024x461.jpg 1024w, https:\/\/site.ac-martinique.fr\/clg-edmondlucienvalard\/wp-content\/uploads\/sites\/57\/2023\/02\/M-comme-Medee-2-fev-2022-1-768x346.jpg 768w, https:\/\/site.ac-martinique.fr\/clg-edmondlucienvalard\/wp-content\/uploads\/sites\/57\/2023\/02\/M-comme-Medee-2-fev-2022-1-1536x691.jpg 1536w, https:\/\/site.ac-martinique.fr\/clg-edmondlucienvalard\/wp-content\/uploads\/sites\/57\/2023\/02\/M-comme-Medee-2-fev-2022-1-500x225.jpg 500w, https:\/\/site.ac-martinique.fr\/clg-edmondlucienvalard\/wp-content\/uploads\/sites\/57\/2023\/02\/M-comme-Medee-2-fev-2022-1.jpg 1600w\" sizes=\"auto, (max-width: 300px) 100vw, 300px\" \/><\/a> Le jeudi 2 f\u00e9vrier 2023, toutes les classes de 3<sup>\u00e8me<\/sup> du coll\u00e8ge ont pu assister \u00e0 la pi\u00e8ce de th\u00e9\u00e2tre \u00ab M comme M\u00e9d\u00e9e \u00bb mise en sc\u00e8ne par Astrid BAYIHA et jou\u00e9e par la compagnie H\u00dcRICAN\u00c9 au Tropiques Atrium \u00e0 Fort-de-France. Cette sortie organis\u00e9e par les professeurs de fran\u00e7ais Mmes NARDY et RANGON s\u2019inscrivait dans une s\u00e9quence p\u00e9dagogique sur la trag\u00e9die. Les \u00e9l\u00e8ves n\u2019ont pas vu les deux heures de spectacle passer tant ils ont appr\u00e9ci\u00e9 cette pi\u00e8ce qui allie la tradition du th\u00e9\u00e2tre de la Gr\u00e8ce antique avec les r\u00e9f\u00e9rences mythologiques, les chants et les costumes drap\u00e9s \u00e0 la modernit\u00e9 d\u2019un d\u00e9cor tr\u00e8s sobre et contemporain que les acteurs s\u2019autorisent \u00e0 quitter pour rejoindre le public. La modernit\u00e9 se ressent aussi \u00e0 travers le texte tragi-comique qui a \u00e9mu et diverti nos \u00e9l\u00e8ves par son ton souvent brutal et grivois et ses versions multilingues, en fran\u00e7ais, anglais, portugais, sans oublier le cr\u00e9ole. \u00a0Cette interpr\u00e9tation nouvelle des pi\u00e8ces <em>M\u00e9d\u00e9e <\/em>d\u2019Euripide et de S\u00e9n\u00e8que d\u00e9crit les relations tumultueuses entre le personnage \u00e9ponyme et son amant Jason tout en conduisant nos adolescents avec humour et lyrisme \u00e0 une r\u00e9flexion sur l\u2019amour et la violence au sein du couple, sur l\u2019exil et l\u2019immigration, sur le crime passionnel, sur les responsabilit\u00e9s \u00e9crasantes de la m\u00e8re et du p\u00e8re, bref tout ce qui compose la condition humaine d\u2019hier et d\u2019aujourd\u2019hui.<br \/>\n<a href=\"https:\/\/site.ac-martinique.fr\/clg-edmondlucienvalard\/wp-content\/uploads\/sites\/57\/2023\/02\/M-comme-Medee-2-fev-2022-3.jpg\"><img loading=\"lazy\" decoding=\"async\" class=\"alignnone size-medium wp-image-3985\" src=\"https:\/\/site.ac-martinique.fr\/clg-edmondlucienvalard\/wp-content\/uploads\/sites\/57\/2023\/02\/M-comme-Medee-2-fev-2022-3-300x135.jpg\" alt=\"\" width=\"300\" height=\"135\" srcset=\"https:\/\/site.ac-martinique.fr\/clg-edmondlucienvalard\/wp-content\/uploads\/sites\/57\/2023\/02\/M-comme-Medee-2-fev-2022-3-300x135.jpg 300w, https:\/\/site.ac-martinique.fr\/clg-edmondlucienvalard\/wp-content\/uploads\/sites\/57\/2023\/02\/M-comme-Medee-2-fev-2022-3-1024x461.jpg 1024w, https:\/\/site.ac-martinique.fr\/clg-edmondlucienvalard\/wp-content\/uploads\/sites\/57\/2023\/02\/M-comme-Medee-2-fev-2022-3-768x346.jpg 768w, https:\/\/site.ac-martinique.fr\/clg-edmondlucienvalard\/wp-content\/uploads\/sites\/57\/2023\/02\/M-comme-Medee-2-fev-2022-3-1536x691.jpg 1536w, https:\/\/site.ac-martinique.fr\/clg-edmondlucienvalard\/wp-content\/uploads\/sites\/57\/2023\/02\/M-comme-Medee-2-fev-2022-3-500x225.jpg 500w, https:\/\/site.ac-martinique.fr\/clg-edmondlucienvalard\/wp-content\/uploads\/sites\/57\/2023\/02\/M-comme-Medee-2-fev-2022-3.jpg 1600w\" sizes=\"auto, (max-width: 300px) 100vw, 300px\" \/><\/a><a href=\"https:\/\/site.ac-martinique.fr\/clg-edmondlucienvalard\/wp-content\/uploads\/sites\/57\/2023\/02\/M-comme-Medee-2-fev-2022-2.jpg\">\u00a0 \u00a0 \u00a0 \u00a0 \u00a0 \u00a0 \u00a0 \u00a0 \u00a0<img loading=\"lazy\" decoding=\"async\" class=\"alignnone size-thumbnail wp-image-3986\" src=\"https:\/\/site.ac-martinique.fr\/clg-edmondlucienvalard\/wp-content\/uploads\/sites\/57\/2023\/02\/M-comme-Medee-2-fev-2022-2-150x150.jpg\" alt=\"\" width=\"150\" height=\"150\" \/><\/a><\/p>\n","protected":false},"excerpt":{"rendered":"<p>Le jeudi 2 f\u00e9vrier 2023, toutes les classes de 3\u00e8me du coll\u00e8ge ont pu assister \u00e0 la pi\u00e8ce de th\u00e9\u00e2tre \u00ab M comme M\u00e9d\u00e9e \u00bb mise en sc\u00e8ne par Astrid BAYIHA et jou\u00e9e par la compagnie H\u00dcRICAN\u00c9 au Tropiques Atrium &hellip; <a href=\"https:\/\/site.ac-martinique.fr\/clg-edmondlucienvalard\/?p=3983\">Continuer la lecture <span class=\"meta-nav\">&rarr;<\/span><\/a><\/p>\n","protected":false},"author":136,"featured_media":0,"comment_status":"closed","ping_status":"open","sticky":false,"template":"","format":"standard","meta":{"footnotes":""},"categories":[14,37,29,67,12],"tags":[245,246,247],"class_list":["post-3983","post","type-post","status-publish","format-standard","hentry","category-actions-projets","category-francais","category-lettres","category-parcours-artistique-et-culturel","category-sorties","tag-m-comme-medee","tag-theatre","tag-tragedie"],"_links":{"self":[{"href":"https:\/\/site.ac-martinique.fr\/clg-edmondlucienvalard\/index.php?rest_route=\/wp\/v2\/posts\/3983","targetHints":{"allow":["GET"]}}],"collection":[{"href":"https:\/\/site.ac-martinique.fr\/clg-edmondlucienvalard\/index.php?rest_route=\/wp\/v2\/posts"}],"about":[{"href":"https:\/\/site.ac-martinique.fr\/clg-edmondlucienvalard\/index.php?rest_route=\/wp\/v2\/types\/post"}],"author":[{"embeddable":true,"href":"https:\/\/site.ac-martinique.fr\/clg-edmondlucienvalard\/index.php?rest_route=\/wp\/v2\/users\/136"}],"replies":[{"embeddable":true,"href":"https:\/\/site.ac-martinique.fr\/clg-edmondlucienvalard\/index.php?rest_route=%2Fwp%2Fv2%2Fcomments&post=3983"}],"version-history":[{"count":4,"href":"https:\/\/site.ac-martinique.fr\/clg-edmondlucienvalard\/index.php?rest_route=\/wp\/v2\/posts\/3983\/revisions"}],"predecessor-version":[{"id":3992,"href":"https:\/\/site.ac-martinique.fr\/clg-edmondlucienvalard\/index.php?rest_route=\/wp\/v2\/posts\/3983\/revisions\/3992"}],"wp:attachment":[{"href":"https:\/\/site.ac-martinique.fr\/clg-edmondlucienvalard\/index.php?rest_route=%2Fwp%2Fv2%2Fmedia&parent=3983"}],"wp:term":[{"taxonomy":"category","embeddable":true,"href":"https:\/\/site.ac-martinique.fr\/clg-edmondlucienvalard\/index.php?rest_route=%2Fwp%2Fv2%2Fcategories&post=3983"},{"taxonomy":"post_tag","embeddable":true,"href":"https:\/\/site.ac-martinique.fr\/clg-edmondlucienvalard\/index.php?rest_route=%2Fwp%2Fv2%2Ftags&post=3983"}],"curies":[{"name":"wp","href":"https:\/\/api.w.org\/{rel}","templated":true}]}}