{"id":4051,"date":"2023-06-22T11:14:09","date_gmt":"2023-06-22T15:14:09","guid":{"rendered":"https:\/\/site.ac-martinique.fr\/clg-edmondlucienvalard\/?p=4051"},"modified":"2023-06-22T11:14:09","modified_gmt":"2023-06-22T15:14:09","slug":"matinee-daccueil-des-cm2","status":"publish","type":"post","link":"https:\/\/site.ac-martinique.fr\/clg-edmondlucienvalard\/?p=4051","title":{"rendered":"Matin\u00e9e d&rsquo;accueil des CM2"},"content":{"rendered":"<p>Les \u00e9l\u00e8ves de CM2 de toutes les \u00e9coles du Saint-Esprit ont \u00e9t\u00e9 accueillis le mardi 13 juin (pour les \u00e9coles de Grand Bassin, Ren\u00e9 Ach\u00e9en et les Oiseaux du paradis) et le vendredi 16 juin (Morne La Valeur et Raymond Labat) de 8h \u00e0 11h. <a href=\"https:\/\/site.ac-martinique.fr\/clg-edmondlucienvalard\/wp-content\/uploads\/sites\/57\/2023\/06\/ACCUEIL-DES-CM2-juin-2023.pdf\" target=\"_blank\" rel=\"noopener\">Lire la suite.<\/a><br \/>\n<a href=\"https:\/\/site.ac-martinique.fr\/clg-edmondlucienvalard\/wp-content\/uploads\/sites\/57\/2023\/06\/Accueil-des-CM2-juin-2023-e1687446766432.jpg\"><img loading=\"lazy\" decoding=\"async\" class=\"alignnone size-full wp-image-4055\" src=\"https:\/\/site.ac-martinique.fr\/clg-edmondlucienvalard\/wp-content\/uploads\/sites\/57\/2023\/06\/Accueil-des-CM2-juin-2023-e1687446766432.jpg\" alt=\"\" width=\"605\" height=\"350\" srcset=\"https:\/\/site.ac-martinique.fr\/clg-edmondlucienvalard\/wp-content\/uploads\/sites\/57\/2023\/06\/Accueil-des-CM2-juin-2023-e1687446766432.jpg 605w, https:\/\/site.ac-martinique.fr\/clg-edmondlucienvalard\/wp-content\/uploads\/sites\/57\/2023\/06\/Accueil-des-CM2-juin-2023-e1687446766432-300x174.jpg 300w, https:\/\/site.ac-martinique.fr\/clg-edmondlucienvalard\/wp-content\/uploads\/sites\/57\/2023\/06\/Accueil-des-CM2-juin-2023-e1687446766432-500x289.jpg 500w\" sizes=\"auto, (max-width: 605px) 100vw, 605px\" \/><\/a><\/p>\n","protected":false},"excerpt":{"rendered":"<p>Les \u00e9l\u00e8ves de CM2 de toutes les \u00e9coles du Saint-Esprit ont \u00e9t\u00e9 accueillis le mardi 13 juin (pour les \u00e9coles de Grand Bassin, Ren\u00e9 Ach\u00e9en et les Oiseaux du paradis) et le vendredi 16 juin (Morne La Valeur et Raymond &hellip; <a href=\"https:\/\/site.ac-martinique.fr\/clg-edmondlucienvalard\/?p=4051\">Continuer la lecture <span class=\"meta-nav\">&rarr;<\/span><\/a><\/p>\n","protected":false},"author":136,"featured_media":0,"comment_status":"closed","ping_status":"open","sticky":false,"template":"","format":"standard","meta":{"footnotes":""},"categories":[14,34,1,54],"tags":[262],"class_list":["post-4051","post","type-post","status-publish","format-standard","hentry","category-actions-projets","category-e-p-s","category-non-classe","category-parents","tag-accueil-des-cm2-2023"],"_links":{"self":[{"href":"https:\/\/site.ac-martinique.fr\/clg-edmondlucienvalard\/index.php?rest_route=\/wp\/v2\/posts\/4051","targetHints":{"allow":["GET"]}}],"collection":[{"href":"https:\/\/site.ac-martinique.fr\/clg-edmondlucienvalard\/index.php?rest_route=\/wp\/v2\/posts"}],"about":[{"href":"https:\/\/site.ac-martinique.fr\/clg-edmondlucienvalard\/index.php?rest_route=\/wp\/v2\/types\/post"}],"author":[{"embeddable":true,"href":"https:\/\/site.ac-martinique.fr\/clg-edmondlucienvalard\/index.php?rest_route=\/wp\/v2\/users\/136"}],"replies":[{"embeddable":true,"href":"https:\/\/site.ac-martinique.fr\/clg-edmondlucienvalard\/index.php?rest_route=%2Fwp%2Fv2%2Fcomments&post=4051"}],"version-history":[{"count":2,"href":"https:\/\/site.ac-martinique.fr\/clg-edmondlucienvalard\/index.php?rest_route=\/wp\/v2\/posts\/4051\/revisions"}],"predecessor-version":[{"id":4056,"href":"https:\/\/site.ac-martinique.fr\/clg-edmondlucienvalard\/index.php?rest_route=\/wp\/v2\/posts\/4051\/revisions\/4056"}],"wp:attachment":[{"href":"https:\/\/site.ac-martinique.fr\/clg-edmondlucienvalard\/index.php?rest_route=%2Fwp%2Fv2%2Fmedia&parent=4051"}],"wp:term":[{"taxonomy":"category","embeddable":true,"href":"https:\/\/site.ac-martinique.fr\/clg-edmondlucienvalard\/index.php?rest_route=%2Fwp%2Fv2%2Fcategories&post=4051"},{"taxonomy":"post_tag","embeddable":true,"href":"https:\/\/site.ac-martinique.fr\/clg-edmondlucienvalard\/index.php?rest_route=%2Fwp%2Fv2%2Ftags&post=4051"}],"curies":[{"name":"wp","href":"https:\/\/api.w.org\/{rel}","templated":true}]}}