{"id":4071,"date":"2023-07-03T18:53:35","date_gmt":"2023-07-03T22:53:35","guid":{"rendered":"https:\/\/site.ac-martinique.fr\/clg-edmondlucienvalard\/?p=4071"},"modified":"2023-07-03T18:53:35","modified_gmt":"2023-07-03T22:53:35","slug":"sortie-equestre-des-eleves-dulis","status":"publish","type":"post","link":"https:\/\/site.ac-martinique.fr\/clg-edmondlucienvalard\/?p=4071","title":{"rendered":"Sortie \u00e9questre des \u00e9l\u00e8ves d&rsquo;ULIS"},"content":{"rendered":"<p style=\"text-align: justify;\"><a href=\"https:\/\/site.ac-martinique.fr\/clg-edmondlucienvalard\/wp-content\/uploads\/sites\/57\/2023\/07\/Sortie-equestre-ULIS-juin-2023.jpg\"><img loading=\"lazy\" decoding=\"async\" class=\"size-full wp-image-4073 alignleft\" src=\"https:\/\/site.ac-martinique.fr\/clg-edmondlucienvalard\/wp-content\/uploads\/sites\/57\/2023\/07\/Sortie-equestre-ULIS-juin-2023.jpg\" alt=\"\" width=\"320\" height=\"240\" srcset=\"https:\/\/site.ac-martinique.fr\/clg-edmondlucienvalard\/wp-content\/uploads\/sites\/57\/2023\/07\/Sortie-equestre-ULIS-juin-2023.jpg 320w, https:\/\/site.ac-martinique.fr\/clg-edmondlucienvalard\/wp-content\/uploads\/sites\/57\/2023\/07\/Sortie-equestre-ULIS-juin-2023-300x225.jpg 300w\" sizes=\"auto, (max-width: 320px) 100vw, 320px\" \/><\/a>Les \u00e9l\u00e8ves notifi\u00e9s ULIS se sont rendus au ranch de Trenelle mardi 6 juin, \u00e0 Rivi\u00e8re Sal\u00e9e pour d\u00e9couvrir le monde \u00e9questre. Ils \u00e9taient impatients et ont tous pris part \u00e0 l\u2019activit\u00e9 avec plaisir d\u00e9passant m\u00eame leur crainte.<br \/>\nL\u2019\u00e9quitation favorise l\u2019\u00e9panouissement et l\u2019acquisition de l\u2019autonomie. Elle permet la communication verbale et non verbale, une prise d\u2019initiative, une confiance en soi et une valorisation de l\u2019individu, am\u00e9liore le tonus musculaire, favorise la gestion des \u00e9motions\u2026 Une matin\u00e9e pour apprendre aussi \u00e0 panser le cheval, le monter, le guider, garder l\u2019\u00e9quilibre\u2026<br \/>\nMerci aux AESH, aux accompagnateurs et \u00e0 M. Tibernus pour son accueil. <a href=\"https:\/\/site.ac-martinique.fr\/clg-edmondlucienvalard\/wp-content\/uploads\/sites\/57\/2023\/07\/Sortie-equestre-des-ULIS-juin-2023.pdf\" target=\"_blank\" rel=\"noopener\">Voir plus de photos.<\/a><\/p>\n","protected":false},"excerpt":{"rendered":"<p>Les \u00e9l\u00e8ves notifi\u00e9s ULIS se sont rendus au ranch de Trenelle mardi 6 juin, \u00e0 Rivi\u00e8re Sal\u00e9e pour d\u00e9couvrir le monde \u00e9questre. Ils \u00e9taient impatients et ont tous pris part \u00e0 l\u2019activit\u00e9 avec plaisir d\u00e9passant m\u00eame leur crainte. L\u2019\u00e9quitation favorise &hellip; <a href=\"https:\/\/site.ac-martinique.fr\/clg-edmondlucienvalard\/?p=4071\">Continuer la lecture <span class=\"meta-nav\">&rarr;<\/span><\/a><\/p>\n","protected":false},"author":136,"featured_media":0,"comment_status":"closed","ping_status":"open","sticky":false,"template":"","format":"standard","meta":{"footnotes":""},"categories":[14,12,36],"tags":[266],"class_list":["post-4071","post","type-post","status-publish","format-standard","hentry","category-actions-projets","category-sorties","category-ulis","tag-sortie-ulis"],"_links":{"self":[{"href":"https:\/\/site.ac-martinique.fr\/clg-edmondlucienvalard\/index.php?rest_route=\/wp\/v2\/posts\/4071","targetHints":{"allow":["GET"]}}],"collection":[{"href":"https:\/\/site.ac-martinique.fr\/clg-edmondlucienvalard\/index.php?rest_route=\/wp\/v2\/posts"}],"about":[{"href":"https:\/\/site.ac-martinique.fr\/clg-edmondlucienvalard\/index.php?rest_route=\/wp\/v2\/types\/post"}],"author":[{"embeddable":true,"href":"https:\/\/site.ac-martinique.fr\/clg-edmondlucienvalard\/index.php?rest_route=\/wp\/v2\/users\/136"}],"replies":[{"embeddable":true,"href":"https:\/\/site.ac-martinique.fr\/clg-edmondlucienvalard\/index.php?rest_route=%2Fwp%2Fv2%2Fcomments&post=4071"}],"version-history":[{"count":1,"href":"https:\/\/site.ac-martinique.fr\/clg-edmondlucienvalard\/index.php?rest_route=\/wp\/v2\/posts\/4071\/revisions"}],"predecessor-version":[{"id":4074,"href":"https:\/\/site.ac-martinique.fr\/clg-edmondlucienvalard\/index.php?rest_route=\/wp\/v2\/posts\/4071\/revisions\/4074"}],"wp:attachment":[{"href":"https:\/\/site.ac-martinique.fr\/clg-edmondlucienvalard\/index.php?rest_route=%2Fwp%2Fv2%2Fmedia&parent=4071"}],"wp:term":[{"taxonomy":"category","embeddable":true,"href":"https:\/\/site.ac-martinique.fr\/clg-edmondlucienvalard\/index.php?rest_route=%2Fwp%2Fv2%2Fcategories&post=4071"},{"taxonomy":"post_tag","embeddable":true,"href":"https:\/\/site.ac-martinique.fr\/clg-edmondlucienvalard\/index.php?rest_route=%2Fwp%2Fv2%2Ftags&post=4071"}],"curies":[{"name":"wp","href":"https:\/\/api.w.org\/{rel}","templated":true}]}}