{"id":4138,"date":"2023-09-27T14:30:20","date_gmt":"2023-09-27T18:30:20","guid":{"rendered":"https:\/\/site.ac-martinique.fr\/clg-edmondlucienvalard\/?p=4138"},"modified":"2023-09-27T21:06:19","modified_gmt":"2023-09-28T01:06:19","slug":"quelques-pepites-de-la-rentree-en-musique-2023","status":"publish","type":"post","link":"https:\/\/site.ac-martinique.fr\/clg-edmondlucienvalard\/?p=4138","title":{"rendered":"Quelques p\u00e9pites de la rentr\u00e9e en musique 2023"},"content":{"rendered":"<p style=\"text-align: justify;\">A l&rsquo;initiative des professeurs de musique, Nathalie BELLANCE et Val\u00e9rie GRAVINAY, les \u00e9l\u00e8ves et les personnels du coll\u00e8ge ELV ont eu le plaisir de commencer l&rsquo;ann\u00e9e scolaire en musique lors d&rsquo;un petit concert donn\u00e9 le lundi 11 septembre 2023 dans l&rsquo;agora o\u00f9 ils ont pu appr\u00e9cier les morceaux suivants :<br \/>\n-\u00ab\u00a0S\u00e9 an ti fl\u00e9 glyc\u00e9ria\u00a0\u00bb et \u00ab\u00a0Es ou sonj\u00e9\u00a0\u00bb de Fernand DONATIEN<br \/>\n-\u00ab\u00a0What a wonderful world\u00a0\u00bb de Louis ARMSTRONG<br \/>\n-\u00ab\u00a0Happy Day\u00a0\u00bb d&rsquo;Edwin HAWKINS (Ces 4 morceaux ont \u00e9t\u00e9 interpr\u00e9t\u00e9s par Mme GRAVINAY)<br \/>\n-\u00ab\u00a0Lettre \u00e0 mon peuple\u00a0\u00bb et \u00ab\u00a0Hey\u00a0\u00bb compos\u00e9s et interpr\u00e9t\u00e9s par Mme BELLANCE.<br \/>\nNous remercions \u00e0 nouveau tr\u00e8s chaleureusement nos deux talentueuses coll\u00e8gues pour ce savoureux moment artistique.<\/p>\n<div class=\"su-youtube su-u-responsive-media-yes\"><iframe loading=\"lazy\" width=\"600\" height=\"400\" src=\"https:\/\/www.youtube.com\/embed\/lYGgCNQPgh4?\" frameborder=\"0\" allowfullscreen allow=\"autoplay; encrypted-media; picture-in-picture\" title=\"Val\u00e9rie GRAVINAY interpr\u00eate &#039;Glyc\u00e9ria&#039; de Fernand DONATIEN\"><\/iframe><\/div>\n<div class=\"su-youtube su-u-responsive-media-yes\"><iframe loading=\"lazy\" width=\"600\" height=\"400\" src=\"https:\/\/www.youtube.com\/embed\/xTrjIXtSF6E?\" frameborder=\"0\" allowfullscreen allow=\"autoplay; encrypted-media; picture-in-picture\" title=\"Nathalie BELLANCE interpr\u00eate une de ses compositions\"><\/iframe><\/div>\n","protected":false},"excerpt":{"rendered":"<p>A l&rsquo;initiative des professeurs de musique, Nathalie BELLANCE et Val\u00e9rie GRAVINAY, les \u00e9l\u00e8ves et les personnels du coll\u00e8ge ELV ont eu le plaisir de commencer l&rsquo;ann\u00e9e scolaire en musique lors d&rsquo;un petit concert donn\u00e9 le lundi 11 septembre 2023 dans &hellip; <a href=\"https:\/\/site.ac-martinique.fr\/clg-edmondlucienvalard\/?p=4138\">Continuer la lecture <span class=\"meta-nav\">&rarr;<\/span><\/a><\/p>\n","protected":false},"author":136,"featured_media":0,"comment_status":"closed","ping_status":"open","sticky":false,"template":"","format":"standard","meta":{"footnotes":""},"categories":[14,50,67],"tags":[284,283],"class_list":["post-4138","post","type-post","status-publish","format-standard","hentry","category-actions-projets","category-education-musicale","category-parcours-artistique-et-culturel","tag-musique","tag-rentree-en-musique"],"_links":{"self":[{"href":"https:\/\/site.ac-martinique.fr\/clg-edmondlucienvalard\/index.php?rest_route=\/wp\/v2\/posts\/4138","targetHints":{"allow":["GET"]}}],"collection":[{"href":"https:\/\/site.ac-martinique.fr\/clg-edmondlucienvalard\/index.php?rest_route=\/wp\/v2\/posts"}],"about":[{"href":"https:\/\/site.ac-martinique.fr\/clg-edmondlucienvalard\/index.php?rest_route=\/wp\/v2\/types\/post"}],"author":[{"embeddable":true,"href":"https:\/\/site.ac-martinique.fr\/clg-edmondlucienvalard\/index.php?rest_route=\/wp\/v2\/users\/136"}],"replies":[{"embeddable":true,"href":"https:\/\/site.ac-martinique.fr\/clg-edmondlucienvalard\/index.php?rest_route=%2Fwp%2Fv2%2Fcomments&post=4138"}],"version-history":[{"count":8,"href":"https:\/\/site.ac-martinique.fr\/clg-edmondlucienvalard\/index.php?rest_route=\/wp\/v2\/posts\/4138\/revisions"}],"predecessor-version":[{"id":4149,"href":"https:\/\/site.ac-martinique.fr\/clg-edmondlucienvalard\/index.php?rest_route=\/wp\/v2\/posts\/4138\/revisions\/4149"}],"wp:attachment":[{"href":"https:\/\/site.ac-martinique.fr\/clg-edmondlucienvalard\/index.php?rest_route=%2Fwp%2Fv2%2Fmedia&parent=4138"}],"wp:term":[{"taxonomy":"category","embeddable":true,"href":"https:\/\/site.ac-martinique.fr\/clg-edmondlucienvalard\/index.php?rest_route=%2Fwp%2Fv2%2Fcategories&post=4138"},{"taxonomy":"post_tag","embeddable":true,"href":"https:\/\/site.ac-martinique.fr\/clg-edmondlucienvalard\/index.php?rest_route=%2Fwp%2Fv2%2Ftags&post=4138"}],"curies":[{"name":"wp","href":"https:\/\/api.w.org\/{rel}","templated":true}]}}