{"id":4200,"date":"2023-11-09T03:24:43","date_gmt":"2023-11-09T07:24:43","guid":{"rendered":"https:\/\/site.ac-martinique.fr\/clg-edmondlucienvalard\/?p=4200"},"modified":"2023-11-11T07:37:00","modified_gmt":"2023-11-11T11:37:00","slug":"nos-collegiens-investis-durant-la-semaine-bleue","status":"publish","type":"post","link":"https:\/\/site.ac-martinique.fr\/clg-edmondlucienvalard\/?p=4200","title":{"rendered":"Nos coll\u00e9giens investis durant la Semaine Bleue"},"content":{"rendered":"<p style=\"text-align: justify;\"><a href=\"https:\/\/site.ac-martinique.fr\/clg-edmondlucienvalard\/wp-content\/uploads\/sites\/57\/2023\/11\/Semaine-Bleue-2023.jpg\"><img loading=\"lazy\" decoding=\"async\" class=\"size-medium wp-image-4206 alignleft\" src=\"https:\/\/site.ac-martinique.fr\/clg-edmondlucienvalard\/wp-content\/uploads\/sites\/57\/2023\/11\/Semaine-Bleue-2023-300x206.jpg\" alt=\"\" width=\"300\" height=\"206\" srcset=\"https:\/\/site.ac-martinique.fr\/clg-edmondlucienvalard\/wp-content\/uploads\/sites\/57\/2023\/11\/Semaine-Bleue-2023-300x206.jpg 300w, https:\/\/site.ac-martinique.fr\/clg-edmondlucienvalard\/wp-content\/uploads\/sites\/57\/2023\/11\/Semaine-Bleue-2023-768x528.jpg 768w, https:\/\/site.ac-martinique.fr\/clg-edmondlucienvalard\/wp-content\/uploads\/sites\/57\/2023\/11\/Semaine-Bleue-2023-436x300.jpg 436w, https:\/\/site.ac-martinique.fr\/clg-edmondlucienvalard\/wp-content\/uploads\/sites\/57\/2023\/11\/Semaine-Bleue-2023.jpg 920w\" sizes=\"auto, (max-width: 300px) 100vw, 300px\" \/><\/a>Dans le cadre du projet Solidarit\u00e9 interg\u00e9n\u00e9rationnelle et pour l\u2019ouverture de la \u00ab Semaine bleue des personnes \u00e2g\u00e9es \u00bb, une matin\u00e9e sportive a \u00e9t\u00e9 organis\u00e9e au sein du coll\u00e8ge Edmond Lucien VALARD de Saint-Esprit.<br \/>\nLe th\u00e8me de la manifestation, \u00ab Vieillir ensemble, une chance \u00e0 cultiver \u00bb a permis de r\u00e9unir les \u00e9l\u00e8ves de la classe de 3\u00e8me C et les r\u00e9sidents des EHPAD Douceur d\u2019\u00e2ge de l\u2019h\u00f4pital de Saint Esprit et Ch\u00e9wa du Fran\u00e7ois (invit\u00e9 de Douceur d\u2019\u00e2ge).<br \/>\nSous la direction de leur professeure d\u2019EPS, les \u00e9l\u00e8ves avaient minutieusement pr\u00e9par\u00e9 des ateliers, sur le plateau sportif du coll\u00e8ge. <a href=\"https:\/\/site.ac-martinique.fr\/clg-edmondlucienvalard\/wp-content\/uploads\/sites\/57\/2023\/11\/OUVERTURE-DE-LA-SEMAINE-BLEUE-a-ELV.pdf\" target=\"_blank\" rel=\"noopener\">Lire la suite et voir plus de photos.<\/a><\/p>\n","protected":false},"excerpt":{"rendered":"<p>Dans le cadre du projet Solidarit\u00e9 interg\u00e9n\u00e9rationnelle et pour l\u2019ouverture de la \u00ab Semaine bleue des personnes \u00e2g\u00e9es \u00bb, une matin\u00e9e sportive a \u00e9t\u00e9 organis\u00e9e au sein du coll\u00e8ge Edmond Lucien VALARD de Saint-Esprit. Le th\u00e8me de la manifestation, \u00ab &hellip; <a href=\"https:\/\/site.ac-martinique.fr\/clg-edmondlucienvalard\/?p=4200\">Continuer la lecture <span class=\"meta-nav\">&rarr;<\/span><\/a><\/p>\n","protected":false},"author":136,"featured_media":0,"comment_status":"closed","ping_status":"open","sticky":false,"template":"","format":"standard","meta":{"footnotes":""},"categories":[14,297,34,40,53,68,12],"tags":[296],"class_list":["post-4200","post","type-post","status-publish","format-standard","hentry","category-actions-projets","category-cdi","category-e-p-s","category-education-civique-et-morale","category-municipalite","category-parcours-citoyen","category-sorties","tag-semaine-bleue-2023"],"_links":{"self":[{"href":"https:\/\/site.ac-martinique.fr\/clg-edmondlucienvalard\/index.php?rest_route=\/wp\/v2\/posts\/4200","targetHints":{"allow":["GET"]}}],"collection":[{"href":"https:\/\/site.ac-martinique.fr\/clg-edmondlucienvalard\/index.php?rest_route=\/wp\/v2\/posts"}],"about":[{"href":"https:\/\/site.ac-martinique.fr\/clg-edmondlucienvalard\/index.php?rest_route=\/wp\/v2\/types\/post"}],"author":[{"embeddable":true,"href":"https:\/\/site.ac-martinique.fr\/clg-edmondlucienvalard\/index.php?rest_route=\/wp\/v2\/users\/136"}],"replies":[{"embeddable":true,"href":"https:\/\/site.ac-martinique.fr\/clg-edmondlucienvalard\/index.php?rest_route=%2Fwp%2Fv2%2Fcomments&post=4200"}],"version-history":[{"count":2,"href":"https:\/\/site.ac-martinique.fr\/clg-edmondlucienvalard\/index.php?rest_route=\/wp\/v2\/posts\/4200\/revisions"}],"predecessor-version":[{"id":4208,"href":"https:\/\/site.ac-martinique.fr\/clg-edmondlucienvalard\/index.php?rest_route=\/wp\/v2\/posts\/4200\/revisions\/4208"}],"wp:attachment":[{"href":"https:\/\/site.ac-martinique.fr\/clg-edmondlucienvalard\/index.php?rest_route=%2Fwp%2Fv2%2Fmedia&parent=4200"}],"wp:term":[{"taxonomy":"category","embeddable":true,"href":"https:\/\/site.ac-martinique.fr\/clg-edmondlucienvalard\/index.php?rest_route=%2Fwp%2Fv2%2Fcategories&post=4200"},{"taxonomy":"post_tag","embeddable":true,"href":"https:\/\/site.ac-martinique.fr\/clg-edmondlucienvalard\/index.php?rest_route=%2Fwp%2Fv2%2Ftags&post=4200"}],"curies":[{"name":"wp","href":"https:\/\/api.w.org\/{rel}","templated":true}]}}