{"id":4358,"date":"2024-01-29T18:27:00","date_gmt":"2024-01-29T22:27:00","guid":{"rendered":"https:\/\/site.ac-martinique.fr\/clg-edmondlucienvalard\/?p=4358"},"modified":"2024-01-29T18:29:36","modified_gmt":"2024-01-29T22:29:36","slug":"journee-internationale-du-sport-feminin","status":"publish","type":"post","link":"https:\/\/site.ac-martinique.fr\/clg-edmondlucienvalard\/?p=4358","title":{"rendered":"Journ\u00e9e Internationale du Sport F\u00e9minin"},"content":{"rendered":"<p style=\"text-align: justify;\"><a href=\"https:\/\/site.ac-martinique.fr\/clg-edmondlucienvalard\/wp-content\/uploads\/sites\/57\/2024\/01\/Journee-du-sport-feminin-2024.jpg\" target=\"_blank\" rel=\"noopener\"><img loading=\"lazy\" decoding=\"async\" class=\"alignleft wp-image-4360 size-medium\" src=\"https:\/\/site.ac-martinique.fr\/clg-edmondlucienvalard\/wp-content\/uploads\/sites\/57\/2024\/01\/Journee-du-sport-feminin-2024-300x300.jpg\" alt=\"\" width=\"300\" height=\"300\" srcset=\"https:\/\/site.ac-martinique.fr\/clg-edmondlucienvalard\/wp-content\/uploads\/sites\/57\/2024\/01\/Journee-du-sport-feminin-2024-300x300.jpg 300w, https:\/\/site.ac-martinique.fr\/clg-edmondlucienvalard\/wp-content\/uploads\/sites\/57\/2024\/01\/Journee-du-sport-feminin-2024-1024x1024.jpg 1024w, https:\/\/site.ac-martinique.fr\/clg-edmondlucienvalard\/wp-content\/uploads\/sites\/57\/2024\/01\/Journee-du-sport-feminin-2024-150x150.jpg 150w, https:\/\/site.ac-martinique.fr\/clg-edmondlucienvalard\/wp-content\/uploads\/sites\/57\/2024\/01\/Journee-du-sport-feminin-2024-768x768.jpg 768w, https:\/\/site.ac-martinique.fr\/clg-edmondlucienvalard\/wp-content\/uploads\/sites\/57\/2024\/01\/Journee-du-sport-feminin-2024.jpg 1080w\" sizes=\"auto, (max-width: 300px) 100vw, 300px\" \/><\/a>L\u2019association sportive SPHINX a eu le plaisir de participer le mercredi 24 janvier 2024\u00a0 \u00e0 <strong><em><u>La Journ\u00e9e Internationale du Sport F\u00e9minin.<br \/>\n<\/u><\/em><\/strong><em><u>Les marraines de l\u2019\u00e9v\u00e8nement\u00a0:<br \/>\n<\/u><\/em>Mesdames :<br \/>\n-Coralie BALMY (m\u00e9daill\u00e9e olympique aux JO de Londres en natation)<br \/>\n-Josette MANIN (\u00e9lue \u00e0 la Collectivit\u00e9 Territoriale de Martinique)<br \/>\n-Yannick ETIENNE NOTTE (Pr\u00e9sidente du Conseil d\u2019administration de l\u2019IMS)<br \/>\n-Myrtha PALLER (Journaliste \u00e0 RCI \u00e0 l\u2019IMS du LAMENTIN. <a href=\"https:\/\/site.ac-martinique.fr\/clg-edmondlucienvalard\/wp-content\/uploads\/sites\/57\/2024\/01\/Article-Journee-internationale-du-sport-feminin-2024.pdf\" target=\"_blank\" rel=\"noopener\">Lire la suite et voir plus de photos.<\/a><\/p>\n","protected":false},"excerpt":{"rendered":"<p>L\u2019association sportive SPHINX a eu le plaisir de participer le mercredi 24 janvier 2024\u00a0 \u00e0 La Journ\u00e9e Internationale du Sport F\u00e9minin. Les marraines de l\u2019\u00e9v\u00e8nement\u00a0: Mesdames : -Coralie BALMY (m\u00e9daill\u00e9e olympique aux JO de Londres en natation) -Josette MANIN (\u00e9lue &hellip; <a href=\"https:\/\/site.ac-martinique.fr\/clg-edmondlucienvalard\/?p=4358\">Continuer la lecture <span class=\"meta-nav\">&rarr;<\/span><\/a><\/p>\n","protected":false},"author":136,"featured_media":0,"comment_status":"closed","ping_status":"open","sticky":false,"template":"","format":"standard","meta":{"footnotes":""},"categories":[14,52,34,69,12,15],"tags":[315,316],"class_list":["post-4358","post","type-post","status-publish","format-standard","hentry","category-actions-projets","category-ctm","category-e-p-s","category-parcours-sante","category-sorties","category-unss","tag-journee-du-sport-feminin","tag-journee-internationale-du-sport-feminin"],"_links":{"self":[{"href":"https:\/\/site.ac-martinique.fr\/clg-edmondlucienvalard\/index.php?rest_route=\/wp\/v2\/posts\/4358","targetHints":{"allow":["GET"]}}],"collection":[{"href":"https:\/\/site.ac-martinique.fr\/clg-edmondlucienvalard\/index.php?rest_route=\/wp\/v2\/posts"}],"about":[{"href":"https:\/\/site.ac-martinique.fr\/clg-edmondlucienvalard\/index.php?rest_route=\/wp\/v2\/types\/post"}],"author":[{"embeddable":true,"href":"https:\/\/site.ac-martinique.fr\/clg-edmondlucienvalard\/index.php?rest_route=\/wp\/v2\/users\/136"}],"replies":[{"embeddable":true,"href":"https:\/\/site.ac-martinique.fr\/clg-edmondlucienvalard\/index.php?rest_route=%2Fwp%2Fv2%2Fcomments&post=4358"}],"version-history":[{"count":4,"href":"https:\/\/site.ac-martinique.fr\/clg-edmondlucienvalard\/index.php?rest_route=\/wp\/v2\/posts\/4358\/revisions"}],"predecessor-version":[{"id":4364,"href":"https:\/\/site.ac-martinique.fr\/clg-edmondlucienvalard\/index.php?rest_route=\/wp\/v2\/posts\/4358\/revisions\/4364"}],"wp:attachment":[{"href":"https:\/\/site.ac-martinique.fr\/clg-edmondlucienvalard\/index.php?rest_route=%2Fwp%2Fv2%2Fmedia&parent=4358"}],"wp:term":[{"taxonomy":"category","embeddable":true,"href":"https:\/\/site.ac-martinique.fr\/clg-edmondlucienvalard\/index.php?rest_route=%2Fwp%2Fv2%2Fcategories&post=4358"},{"taxonomy":"post_tag","embeddable":true,"href":"https:\/\/site.ac-martinique.fr\/clg-edmondlucienvalard\/index.php?rest_route=%2Fwp%2Fv2%2Ftags&post=4358"}],"curies":[{"name":"wp","href":"https:\/\/api.w.org\/{rel}","templated":true}]}}