{"id":4583,"date":"2024-07-06T05:40:28","date_gmt":"2024-07-06T09:40:28","guid":{"rendered":"https:\/\/site.ac-martinique.fr\/clg-edmondlucienvalard\/?p=4583"},"modified":"2024-07-06T06:12:21","modified_gmt":"2024-07-06T10:12:21","slug":"la-compagnie-dife-kako-en-tournee-au-college-le-26-avril","status":"publish","type":"post","link":"https:\/\/site.ac-martinique.fr\/clg-edmondlucienvalard\/?p=4583","title":{"rendered":"La compagnie Dif\u00e9 Kako en tourn\u00e9e au coll\u00e8ge le 26 avril"},"content":{"rendered":"<p><a href=\"https:\/\/site.ac-martinique.fr\/clg-edmondlucienvalard\/wp-content\/uploads\/sites\/57\/2024\/07\/Dife-Kako-au-college-26-avril-2024.jpg\" target=\"_blank\" rel=\"noopener\"><img loading=\"lazy\" decoding=\"async\" class=\"alignleft wp-image-4586 size-full\" src=\"https:\/\/site.ac-martinique.fr\/clg-edmondlucienvalard\/wp-content\/uploads\/sites\/57\/2024\/07\/Dife-Kako-au-college-26-avril-2024.jpg\" alt=\"\" width=\"343\" height=\"209\" srcset=\"https:\/\/site.ac-martinique.fr\/clg-edmondlucienvalard\/wp-content\/uploads\/sites\/57\/2024\/07\/Dife-Kako-au-college-26-avril-2024.jpg 343w, https:\/\/site.ac-martinique.fr\/clg-edmondlucienvalard\/wp-content\/uploads\/sites\/57\/2024\/07\/Dife-Kako-au-college-26-avril-2024-300x183.jpg 300w\" sizes=\"auto, (max-width: 343px) 100vw, 343px\" \/><\/a><\/p>\n<p class=\"western\" style=\"text-align: justify;\" align=\"center\"><span style=\"font-family: Arial, serif;\"><span style=\"font-size: large;\">\u00ab\u00a0Notre projet actuel Bakannal, qui est labellis\u00e9 Olympiades culturelles, est <\/span><\/span><span style=\"font-family: Arial, serif;\"><span style=\"font-size: large;\">bas\u00e9 sur l&rsquo;histoire du carnaval et met en valeur le th\u00e8me de la lutte<\/span><\/span><span style=\"font-family: Arial, serif;\"><span style=\"font-size: large;\"><br \/>\n<\/span><\/span><span style=\"font-family: Arial, serif;\"><span style=\"font-size: large;\"> sociale et \u00e9galement les sports de combat et l&rsquo;art li\u00e9 au combat.<br \/>\nNous <\/span><\/span><span style=\"font-family: Arial, serif;\"><span style=\"font-size: large;\">faisons \u00e9galement un lyannaj des danses et musiques des diff\u00e9rents <\/span><\/span><span style=\"font-family: Arial, serif;\"><span style=\"font-size: large;\">carnavals tels que Antilles\/Guyane, Dunkerque, Pays Basque et Venise.\u00a0\u00bb <a href=\"https:\/\/site.ac-martinique.fr\/clg-edmondlucienvalard\/wp-content\/uploads\/sites\/57\/2024\/07\/Dife-Kako-au-college-26-avril-2024.pdf\" target=\"_blank\" rel=\"noopener\">Lire la suite et voir plus de photos.<\/a><\/span><\/span><\/p>\n","protected":false},"excerpt":{"rendered":"<p>\u00ab\u00a0Notre projet actuel Bakannal, qui est labellis\u00e9 Olympiades culturelles, est bas\u00e9 sur l&rsquo;histoire du carnaval et met en valeur le th\u00e8me de la lutte sociale et \u00e9galement les sports de combat et l&rsquo;art li\u00e9 au combat. Nous faisons \u00e9galement un &hellip; <a href=\"https:\/\/site.ac-martinique.fr\/clg-edmondlucienvalard\/?p=4583\">Continuer la lecture <span class=\"meta-nav\">&rarr;<\/span><\/a><\/p>\n","protected":false},"author":136,"featured_media":0,"comment_status":"closed","ping_status":"open","sticky":false,"template":"","format":"standard","meta":{"footnotes":""},"categories":[14,33,34,67],"tags":[358],"class_list":["post-4583","post","type-post","status-publish","format-standard","hentry","category-actions-projets","category-arts","category-e-p-s","category-parcours-artistique-et-culturel","tag-compagnie-dife-kako-2024"],"_links":{"self":[{"href":"https:\/\/site.ac-martinique.fr\/clg-edmondlucienvalard\/index.php?rest_route=\/wp\/v2\/posts\/4583","targetHints":{"allow":["GET"]}}],"collection":[{"href":"https:\/\/site.ac-martinique.fr\/clg-edmondlucienvalard\/index.php?rest_route=\/wp\/v2\/posts"}],"about":[{"href":"https:\/\/site.ac-martinique.fr\/clg-edmondlucienvalard\/index.php?rest_route=\/wp\/v2\/types\/post"}],"author":[{"embeddable":true,"href":"https:\/\/site.ac-martinique.fr\/clg-edmondlucienvalard\/index.php?rest_route=\/wp\/v2\/users\/136"}],"replies":[{"embeddable":true,"href":"https:\/\/site.ac-martinique.fr\/clg-edmondlucienvalard\/index.php?rest_route=%2Fwp%2Fv2%2Fcomments&post=4583"}],"version-history":[{"count":1,"href":"https:\/\/site.ac-martinique.fr\/clg-edmondlucienvalard\/index.php?rest_route=\/wp\/v2\/posts\/4583\/revisions"}],"predecessor-version":[{"id":4587,"href":"https:\/\/site.ac-martinique.fr\/clg-edmondlucienvalard\/index.php?rest_route=\/wp\/v2\/posts\/4583\/revisions\/4587"}],"wp:attachment":[{"href":"https:\/\/site.ac-martinique.fr\/clg-edmondlucienvalard\/index.php?rest_route=%2Fwp%2Fv2%2Fmedia&parent=4583"}],"wp:term":[{"taxonomy":"category","embeddable":true,"href":"https:\/\/site.ac-martinique.fr\/clg-edmondlucienvalard\/index.php?rest_route=%2Fwp%2Fv2%2Fcategories&post=4583"},{"taxonomy":"post_tag","embeddable":true,"href":"https:\/\/site.ac-martinique.fr\/clg-edmondlucienvalard\/index.php?rest_route=%2Fwp%2Fv2%2Ftags&post=4583"}],"curies":[{"name":"wp","href":"https:\/\/api.w.org\/{rel}","templated":true}]}}