{"id":4757,"date":"2024-10-14T12:05:00","date_gmt":"2024-10-14T16:05:00","guid":{"rendered":"https:\/\/site.ac-martinique.fr\/clg-edmondlucienvalard\/?p=4757"},"modified":"2024-10-14T12:05:00","modified_gmt":"2024-10-14T16:05:00","slug":"sortie-de-cohesion-des-eleves-de-4e","status":"publish","type":"post","link":"https:\/\/site.ac-martinique.fr\/clg-edmondlucienvalard\/?p=4757","title":{"rendered":"Sortie de coh\u00e9sion des \u00e9l\u00e8ves de 4e"},"content":{"rendered":"<p>Une magnifique sortie de coh\u00e9sion a \u00e9t\u00e9 propos\u00e9e, aux \u00e9l\u00e8ves de toutes les classes de 4<sup>\u00e8me,<\/sup> \u00e0 l\u2019occasion de cette nouvelle rentr\u00e9e scolaire. C\u2019est donc le jeudi 19 septembre 2024, que nos \u00e9l\u00e8ves ont pass\u00e9 une journ\u00e9e \u00e0 Anse Michel sur la commune de Saint Anne.<\/p>\n<p>Pour lire la suite, c&rsquo;est par ici !<a href=\"https:\/\/site.ac-martinique.fr\/clg-edmondlucienvalard\/wp-content\/uploads\/sites\/57\/2024\/10\/SORTIE-COHESION-4\u00b0.pdf\">SORTIE COH\u00c9SION 4\u00b0<\/a><a href=\"https:\/\/site.ac-martinique.fr\/clg-edmondlucienvalard\/wp-content\/uploads\/sites\/57\/2024\/10\/4e.jpg\"><img loading=\"lazy\" decoding=\"async\" class=\"alignnone size-full wp-image-4759\" src=\"https:\/\/site.ac-martinique.fr\/clg-edmondlucienvalard\/wp-content\/uploads\/sites\/57\/2024\/10\/4e.jpg\" alt=\"\" width=\"1389\" height=\"612\" srcset=\"https:\/\/site.ac-martinique.fr\/clg-edmondlucienvalard\/wp-content\/uploads\/sites\/57\/2024\/10\/4e.jpg 1389w, https:\/\/site.ac-martinique.fr\/clg-edmondlucienvalard\/wp-content\/uploads\/sites\/57\/2024\/10\/4e-300x132.jpg 300w, https:\/\/site.ac-martinique.fr\/clg-edmondlucienvalard\/wp-content\/uploads\/sites\/57\/2024\/10\/4e-1024x451.jpg 1024w, https:\/\/site.ac-martinique.fr\/clg-edmondlucienvalard\/wp-content\/uploads\/sites\/57\/2024\/10\/4e-768x338.jpg 768w, https:\/\/site.ac-martinique.fr\/clg-edmondlucienvalard\/wp-content\/uploads\/sites\/57\/2024\/10\/4e-500x220.jpg 500w\" sizes=\"auto, (max-width: 1389px) 100vw, 1389px\" \/><\/a><\/p>\n","protected":false},"excerpt":{"rendered":"<p>Une magnifique sortie de coh\u00e9sion a \u00e9t\u00e9 propos\u00e9e, aux \u00e9l\u00e8ves de toutes les classes de 4\u00e8me, \u00e0 l\u2019occasion de cette nouvelle rentr\u00e9e scolaire. C\u2019est donc le jeudi 19 septembre 2024, que nos \u00e9l\u00e8ves ont pass\u00e9 une journ\u00e9e \u00e0 Anse Michel &hellip; <a href=\"https:\/\/site.ac-martinique.fr\/clg-edmondlucienvalard\/?p=4757\">Continuer la lecture <span class=\"meta-nav\">&rarr;<\/span><\/a><\/p>\n","protected":false},"author":136,"featured_media":0,"comment_status":"closed","ping_status":"open","sticky":false,"template":"","format":"standard","meta":{"footnotes":""},"categories":[72,14,34,68,69],"tags":[],"class_list":["post-4757","post","type-post","status-publish","format-standard","hentry","category-4eme","category-actions-projets","category-e-p-s","category-parcours-citoyen","category-parcours-sante"],"_links":{"self":[{"href":"https:\/\/site.ac-martinique.fr\/clg-edmondlucienvalard\/index.php?rest_route=\/wp\/v2\/posts\/4757","targetHints":{"allow":["GET"]}}],"collection":[{"href":"https:\/\/site.ac-martinique.fr\/clg-edmondlucienvalard\/index.php?rest_route=\/wp\/v2\/posts"}],"about":[{"href":"https:\/\/site.ac-martinique.fr\/clg-edmondlucienvalard\/index.php?rest_route=\/wp\/v2\/types\/post"}],"author":[{"embeddable":true,"href":"https:\/\/site.ac-martinique.fr\/clg-edmondlucienvalard\/index.php?rest_route=\/wp\/v2\/users\/136"}],"replies":[{"embeddable":true,"href":"https:\/\/site.ac-martinique.fr\/clg-edmondlucienvalard\/index.php?rest_route=%2Fwp%2Fv2%2Fcomments&post=4757"}],"version-history":[{"count":1,"href":"https:\/\/site.ac-martinique.fr\/clg-edmondlucienvalard\/index.php?rest_route=\/wp\/v2\/posts\/4757\/revisions"}],"predecessor-version":[{"id":4760,"href":"https:\/\/site.ac-martinique.fr\/clg-edmondlucienvalard\/index.php?rest_route=\/wp\/v2\/posts\/4757\/revisions\/4760"}],"wp:attachment":[{"href":"https:\/\/site.ac-martinique.fr\/clg-edmondlucienvalard\/index.php?rest_route=%2Fwp%2Fv2%2Fmedia&parent=4757"}],"wp:term":[{"taxonomy":"category","embeddable":true,"href":"https:\/\/site.ac-martinique.fr\/clg-edmondlucienvalard\/index.php?rest_route=%2Fwp%2Fv2%2Fcategories&post=4757"},{"taxonomy":"post_tag","embeddable":true,"href":"https:\/\/site.ac-martinique.fr\/clg-edmondlucienvalard\/index.php?rest_route=%2Fwp%2Fv2%2Ftags&post=4757"}],"curies":[{"name":"wp","href":"https:\/\/api.w.org\/{rel}","templated":true}]}}