{"id":4770,"date":"2024-11-07T22:59:16","date_gmt":"2024-11-08T02:59:16","guid":{"rendered":"https:\/\/site.ac-martinique.fr\/clg-edmondlucienvalard\/?p=4770"},"modified":"2024-11-07T22:59:16","modified_gmt":"2024-11-08T02:59:16","slug":"contes-et-musique-au-college-elv","status":"publish","type":"post","link":"https:\/\/site.ac-martinique.fr\/clg-edmondlucienvalard\/?p=4770","title":{"rendered":"Contes et musique au coll\u00e8ge ELV"},"content":{"rendered":"<div class=\"sc-bdvvtL sc-kHdrYz bOQZK dChAPw\">\n<div class=\"sc-bdvvtL sc-gsDKAQ sc-jYmNlR bqRyns jbAPzJ keNrim\" draggable=\"true\" aria-disabled=\"false\" data-handler-id=\"T86\">\n<p class=\"sc-dkPtRN hRuCvx\" data-slate-node=\"element\"><span data-slate-node=\"text\">L&rsquo;association AMI est venue partager une heure cont\u00e9e avec nos \u00e9l\u00e8ves de 5e. Les conteurs sont venus de loin pour nous enchanter : France, Italie ou encore Canada. <\/span><\/p>\n<\/div>\n<\/div>\n<div class=\"sc-bdvvtL sc-kHdrYz bOQZK dChAPw\">\n<div class=\"sc-bdvvtL sc-gsDKAQ sc-jYmNlR bqRyns jbAPzJ iQewui\" draggable=\"true\" aria-disabled=\"false\" data-handler-id=\"T88\">\n<div class=\"sc-iwjdpV jsVmqP sc-bxDdli fOVeGo\" tabindex=\"0\" role=\"button\" contenteditable=\"false\" draggable=\"true\" aria-disabled=\"false\"><span class=\"sc-iCfMLu gejpLQ\">Drag<\/span><\/div>\n<p class=\"sc-dkPtRN hRuCvx\" data-slate-node=\"element\"><span data-slate-node=\"text\">Accompagn\u00e9s d&rsquo;airs musicaux \u00e0 la harpe ou \u00e0 l&rsquo;accord\u00e9on, les conteurs ont ravi les oreilles de nos \u00e9l\u00e8ves. <\/span><\/p>\n<\/div>\n<\/div>\n<div class=\"sc-bdvvtL sc-kHdrYz bOQZK dChAPw\">\n<div class=\"sc-bdvvtL sc-gsDKAQ sc-jYmNlR bqRyns jbAPzJ iQewui\" draggable=\"true\" aria-disabled=\"false\" data-handler-id=\"T90\">\n<div style=\"width: 584px;\" class=\"wp-video\"><video class=\"wp-video-shortcode\" id=\"video-4770-1\" width=\"584\" height=\"584\" preload=\"metadata\" controls=\"controls\"><source type=\"video\/mp4\" src=\"https:\/\/site.ac-martinique.fr\/clg-edmondlucienvalard\/wp-content\/uploads\/sites\/57\/2024\/10\/20241017_162247-1.mp4?_=1\" \/><a href=\"https:\/\/site.ac-martinique.fr\/clg-edmondlucienvalard\/wp-content\/uploads\/sites\/57\/2024\/10\/20241017_162247-1.mp4\">https:\/\/site.ac-martinique.fr\/clg-edmondlucienvalard\/wp-content\/uploads\/sites\/57\/2024\/10\/20241017_162247-1.mp4<\/a><\/video><\/div>\n<p class=\"sc-dkPtRN hRuCvx\" data-slate-node=\"element\"><span data-slate-node=\"text\">Ce temps magique entre dans le cadre du parcours d&rsquo;\u00e9ducation artistique et culturelle mais aussi dans l&rsquo;enseignement du fran\u00e7ais. <\/span><\/p>\n<\/div>\n<\/div>\n<div class=\"sc-bdvvtL sc-kHdrYz bOQZK dChAPw\" data-slate-fragment=\"JTVCJTdCJTIydHlwZSUyMiUzQSUyMnBhcmFncmFwaCUyMiUyQyUyMmNoaWxkcmVuJTIyJTNBJTVCJTdCJTIydHlwZSUyMiUzQSUyMnRleHQlMjIlMkMlMjJ0ZXh0JTIyJTNBJTIyTCdhc3NvY2lhdGlvbiUyMEFNSSUyMGVzdCUyMHZlbnVlJTIwcGFydGFnZXIlMjB1bmUlMjBoZXVyZSUyMGNvbnQlQzMlQTllJTIwYXZlYyUyMG5vcyUyMCVDMyVBOWwlQzMlQTh2ZXMlMjBkZSUyMDVlLiUyMExlcyUyMGNvbnRldXJzJTIwc29udCUyMHZlbnVzJTIwZGUlMjBsb2luJTIwcG91ciUyMG5vdXMlMjBlbmNoYW50ZXIlMjAlM0ElMjBGcmFuY2UlMkMlMjBJdGFsaWUlMjBvdSUyMGVuY29yZSUyMENhbmFkYS4lMjAlMjIlN0QlNUQlN0QlMkMlN0IlMjJ0eXBlJTIyJTNBJTIycGFyYWdyYXBoJTIyJTJDJTIyY2hpbGRyZW4lMjIlM0ElNUIlN0IlMjJ0eXBlJTIyJTNBJTIydGV4dCUyMiUyQyUyMnRleHQlMjIlM0ElMjJBY2NvbXBhZ24lQzMlQTlzJTIwZCdhaXJzJTIwbXVzaWNhdXglMjAlQzMlQTAlMjBsYSUyMGhhcnBlJTIwb3UlMjAlQzMlQTAlMjBsJ2FjY29yZCVDMyVBOW9uJTJDJTIwbGVzJTIwY29udGV1cnMlMjBvbnQlMjByYXZpJTIwbGVzJTIwb3JlaWxsZXMlMjBkZSUyMG5vcyUyMCVDMyVBOWwlQzMlQTh2ZXMuJTIwJTIyJTdEJTVEJTdEJTJDJTdCJTIydHlwZSUyMiUzQSUyMnBhcmFncmFwaCUyMiUyQyUyMmNoaWxkcmVuJTIyJTNBJTVCJTdCJTIydHlwZSUyMiUzQSUyMnRleHQlMjIlMkMlMjJ0ZXh0JTIyJTNBJTIyQ2UlMjB0ZW1wcyUyMG1hZ2lxdWUlMjBlbnRyZSUyMGRhbnMlMjBsZSUyMGNhZHJlJTIwZHUlMjBwYXJjb3VycyUyMGQnJUMzJUE5ZHVjYXRpb24lMjBhcnRpc3RpcXVlJTIwZXQlMjBjdWx0dXJlbGxlJTIwbWFpcyUyMGF1c3NpJTIwZGFucyUyMGwnZW5zZWlnbmVtZW50JTIwZHUlMjBmcmFuJUMzJUE3YWlzLiUyMCUyMiU3RCU1RCU3RCUyQyU3QiUyMnR5cGUlMjIlM0ElMjJwYXJhZ3JhcGglMjIlMkMlMjJjaGlsZHJlbiUyMiUzQSU1QiU3QiUyMnR5cGUlMjIlM0ElMjJ0ZXh0JTIyJTJDJTIydGV4dCUyMiUzQSUyMlF1ZWxxdWVzJTIwaW1hZ2VzJTIwcG91ciUyMHBhcnRhZ2VyJTIwY2UlMjBwbGFpc2lyJTIwYXZlYyUyMHZvdXMuLi4lMjIlN0QlNUQlN0QlNUQ=\">\n<div class=\"sc-bdvvtL sc-gsDKAQ sc-jYmNlR bqRyns jbAPzJ iQewui\" draggable=\"true\" aria-disabled=\"false\" data-handler-id=\"T92\">\n<p class=\"sc-dkPtRN hRuCvx\" data-slate-node=\"element\"><span data-slate-node=\"text\">Quelques images pour partager ce plaisir avec vous&#8230;<\/span><\/p>\n<\/div>\n<\/div>\n","protected":false},"excerpt":{"rendered":"<p>L&rsquo;association AMI est venue partager une heure cont\u00e9e avec nos \u00e9l\u00e8ves de 5e. Les conteurs sont venus de loin pour nous enchanter : France, Italie ou encore Canada. Drag Accompagn\u00e9s d&rsquo;airs musicaux \u00e0 la harpe ou \u00e0 l&rsquo;accord\u00e9on, les conteurs &hellip; <a href=\"https:\/\/site.ac-martinique.fr\/clg-edmondlucienvalard\/?p=4770\">Continuer la lecture <span class=\"meta-nav\">&rarr;<\/span><\/a><\/p>\n","protected":false},"author":136,"featured_media":0,"comment_status":"closed","ping_status":"open","sticky":false,"template":"","format":"standard","meta":{"footnotes":""},"categories":[50,37,67,12],"tags":[],"class_list":["post-4770","post","type-post","status-publish","format-standard","hentry","category-education-musicale","category-francais","category-parcours-artistique-et-culturel","category-sorties"],"_links":{"self":[{"href":"https:\/\/site.ac-martinique.fr\/clg-edmondlucienvalard\/index.php?rest_route=\/wp\/v2\/posts\/4770","targetHints":{"allow":["GET"]}}],"collection":[{"href":"https:\/\/site.ac-martinique.fr\/clg-edmondlucienvalard\/index.php?rest_route=\/wp\/v2\/posts"}],"about":[{"href":"https:\/\/site.ac-martinique.fr\/clg-edmondlucienvalard\/index.php?rest_route=\/wp\/v2\/types\/post"}],"author":[{"embeddable":true,"href":"https:\/\/site.ac-martinique.fr\/clg-edmondlucienvalard\/index.php?rest_route=\/wp\/v2\/users\/136"}],"replies":[{"embeddable":true,"href":"https:\/\/site.ac-martinique.fr\/clg-edmondlucienvalard\/index.php?rest_route=%2Fwp%2Fv2%2Fcomments&post=4770"}],"version-history":[{"count":1,"href":"https:\/\/site.ac-martinique.fr\/clg-edmondlucienvalard\/index.php?rest_route=\/wp\/v2\/posts\/4770\/revisions"}],"predecessor-version":[{"id":4772,"href":"https:\/\/site.ac-martinique.fr\/clg-edmondlucienvalard\/index.php?rest_route=\/wp\/v2\/posts\/4770\/revisions\/4772"}],"wp:attachment":[{"href":"https:\/\/site.ac-martinique.fr\/clg-edmondlucienvalard\/index.php?rest_route=%2Fwp%2Fv2%2Fmedia&parent=4770"}],"wp:term":[{"taxonomy":"category","embeddable":true,"href":"https:\/\/site.ac-martinique.fr\/clg-edmondlucienvalard\/index.php?rest_route=%2Fwp%2Fv2%2Fcategories&post=4770"},{"taxonomy":"post_tag","embeddable":true,"href":"https:\/\/site.ac-martinique.fr\/clg-edmondlucienvalard\/index.php?rest_route=%2Fwp%2Fv2%2Ftags&post=4770"}],"curies":[{"name":"wp","href":"https:\/\/api.w.org\/{rel}","templated":true}]}}