{"id":3312,"date":"2026-03-24T12:47:12","date_gmt":"2026-03-24T15:47:12","guid":{"rendered":"https:\/\/site.ac-martinique.fr\/clg-edouardglissant\/?p=3312"},"modified":"2026-04-24T12:52:38","modified_gmt":"2026-04-24T15:52:38","slug":"tout-larivie-ka-desann-an-lanme","status":"publish","type":"post","link":"https:\/\/site.ac-martinique.fr\/clg-edouardglissant\/2026\/03\/24\/tout-larivie-ka-desann-an-lanme\/","title":{"rendered":"TOUT LARIVI\u00c8 KA DESANN AN LANM\u00c8"},"content":{"rendered":"<p><a href=\"https:\/\/site.ac-martinique.fr\/clg-edouardglissant\/wp-content\/uploads\/sites\/55\/2026\/04\/0-Affiche.png\"><img loading=\"lazy\" decoding=\"async\" class=\"alignnone size-medium wp-image-3313\" src=\"https:\/\/site.ac-martinique.fr\/clg-edouardglissant\/wp-content\/uploads\/sites\/55\/2026\/04\/0-Affiche-300x251.png\" alt=\"\" width=\"300\" height=\"251\" srcset=\"https:\/\/site.ac-martinique.fr\/clg-edouardglissant\/wp-content\/uploads\/sites\/55\/2026\/04\/0-Affiche-300x251.png 300w, https:\/\/site.ac-martinique.fr\/clg-edouardglissant\/wp-content\/uploads\/sites\/55\/2026\/04\/0-Affiche-768x643.png 768w, https:\/\/site.ac-martinique.fr\/clg-edouardglissant\/wp-content\/uploads\/sites\/55\/2026\/04\/0-Affiche.png 932w\" sizes=\"auto, (max-width: 300px) 100vw, 300px\" \/><\/a><\/p>\n<p><a href=\"https:\/\/site.ac-martinique.fr\/clg-edouardglissant\/wp-content\/uploads\/sites\/55\/2026\/04\/Tout-la-rivie-ka-desenn-an-lanme-1.png\"><img loading=\"lazy\" decoding=\"async\" class=\"alignnone size-medium wp-image-3314\" src=\"https:\/\/site.ac-martinique.fr\/clg-edouardglissant\/wp-content\/uploads\/sites\/55\/2026\/04\/Tout-la-rivie-ka-desenn-an-lanme-1-300x169.png\" alt=\"\" width=\"300\" height=\"169\" srcset=\"https:\/\/site.ac-martinique.fr\/clg-edouardglissant\/wp-content\/uploads\/sites\/55\/2026\/04\/Tout-la-rivie-ka-desenn-an-lanme-1-300x169.png 300w, https:\/\/site.ac-martinique.fr\/clg-edouardglissant\/wp-content\/uploads\/sites\/55\/2026\/04\/Tout-la-rivie-ka-desenn-an-lanme-1-1024x576.png 1024w, https:\/\/site.ac-martinique.fr\/clg-edouardglissant\/wp-content\/uploads\/sites\/55\/2026\/04\/Tout-la-rivie-ka-desenn-an-lanme-1-768x432.png 768w, https:\/\/site.ac-martinique.fr\/clg-edouardglissant\/wp-content\/uploads\/sites\/55\/2026\/04\/Tout-la-rivie-ka-desenn-an-lanme-1-1536x864.png 1536w, https:\/\/site.ac-martinique.fr\/clg-edouardglissant\/wp-content\/uploads\/sites\/55\/2026\/04\/Tout-la-rivie-ka-desenn-an-lanme-1.png 1920w\" sizes=\"auto, (max-width: 300px) 100vw, 300px\" \/><\/a><\/p>\n<p>UNE EXPOSITION QUI COULE DE SOURCE !<\/p>\n<p>L\u2019exposition \u00ab Tout larivi\u00e8 ka d\u00e9sann an lanm\u00e8 \u00bb c\u00e9l\u00e8bre en Martinique le lien entre rivi\u00e8re et mer. Elle est port\u00e9e par des \u00e9l\u00e8ves de 6e et 5e, alliant fran\u00e7ais, culture cr\u00e9ole et environnement. L\u2019exposition propose un voyage visuel et sensoriel au fil de l\u2019eau. On y d\u00e9couvre des affiches illustr\u00e9es sur les rivi\u00e8res martiniquaises. Elles \u00e9voquent des pratiques disparues comme le \u00ab Bwa-flo \u00bb et les lavandi\u00e8res d\u2019antan. La vie aquatique des rivi\u00e8res et des po\u00e8mes bilingues cr\u00e9ole-fran\u00e7ais sont \u00e9galement mis \u00e0 l\u2019honneur. Ces po\u00e8mes chantent la force des courants et la sagesse des rivi\u00e8res jusqu\u2019\u00e0 la mer. Les travaux sont n\u00e9s d\u2019ateliers d\u2019\u00e9criture men\u00e9s en cours de fran\u00e7ais avec Mme LABEAU.<br \/>\nL\u2019association \u00ab Les Sentinelles de rivi\u00e8re \u00bb est intervenue pour des ateliers pratiques. Les \u00e9l\u00e8ves ont observ\u00e9 la faune locale et distingu\u00e9 esp\u00e8ces end\u00e9miques et envahissantes. Ils sont devenus de v\u00e9ritables \u00ab sentinelles \u00bb sensibilis\u00e9es \u00e0 la pollution et \u00e0 la pr\u00e9servation.<br \/>\nUn quiz \u00ab Question pour un champion \u00bb sur le th\u00e8me de la rivi\u00e8re a r\u00e9uni plus de 100 participants. Les questions joyeuses et chronom\u00e9tr\u00e9es portaient sur la biodiversit\u00e9 et les expressions cr\u00e9oles. Cet \u00e9v\u00e9nement a transform\u00e9 l\u2019apprentissage en comp\u00e9tition ludique et p\u00e9dagogique. Le projet montre comment l\u2019\u00e9cole peut m\u00ealer cr\u00e9ation, patrimoine et engagement \u00e9cologique.<\/p>\n<p><a href=\"https:\/\/site.ac-martinique.fr\/clg-edouardglissant\/wp-content\/uploads\/sites\/55\/2026\/04\/Tout-la-rivie-2.png\"><img loading=\"lazy\" decoding=\"async\" class=\"alignnone size-medium wp-image-3315\" src=\"https:\/\/site.ac-martinique.fr\/clg-edouardglissant\/wp-content\/uploads\/sites\/55\/2026\/04\/Tout-la-rivie-2-300x169.png\" alt=\"\" width=\"300\" height=\"169\" srcset=\"https:\/\/site.ac-martinique.fr\/clg-edouardglissant\/wp-content\/uploads\/sites\/55\/2026\/04\/Tout-la-rivie-2-300x169.png 300w, https:\/\/site.ac-martinique.fr\/clg-edouardglissant\/wp-content\/uploads\/sites\/55\/2026\/04\/Tout-la-rivie-2-1024x576.png 1024w, https:\/\/site.ac-martinique.fr\/clg-edouardglissant\/wp-content\/uploads\/sites\/55\/2026\/04\/Tout-la-rivie-2-768x432.png 768w, https:\/\/site.ac-martinique.fr\/clg-edouardglissant\/wp-content\/uploads\/sites\/55\/2026\/04\/Tout-la-rivie-2-1536x864.png 1536w, https:\/\/site.ac-martinique.fr\/clg-edouardglissant\/wp-content\/uploads\/sites\/55\/2026\/04\/Tout-la-rivie-2.png 1920w\" sizes=\"auto, (max-width: 300px) 100vw, 300px\" \/><\/a><\/p>\n<p>DES VAGUES DE PARTAGE ET D&rsquo;\u00c9MOTIONS !<br \/>\nLe projet \u00ab Tout larivi\u00e8 ka d\u00e9sann an lanm\u00e8 \u00bb continue de relier \u00e9l\u00e8ves, cultures et patrimoines. Apr\u00e8s l\u2019exposition, deux temps forts ont marqu\u00e9 les classes : une visite \u00e0 l\u2019\u00c9comus\u00e9e de Rivi\u00e8re Pilote et une visioconf\u00e9rence avec la Guadeloupe. Les \u00e9l\u00e8ves de 5e3 et ULIS ont explor\u00e9 le r\u00f4le central de la mer dans les grandes migrations et le mode de vie des Kalinagos : pirogues, p\u00eache collective et mythes li\u00e9s \u00e0 la mer. Sur la plage de l\u2019Anse Figuier, une lecture de paysage a r\u00e9v\u00e9l\u00e9 des traces ancestrales, renfor\u00e7ant le vivre-ensemble.<br \/>\nPar ailleurs, une visioconf\u00e9rence a r\u00e9uni les 6\u00e8me martiniquais et leurs camarades guadeloup\u00e9ens du Coll\u00e8ge Appel du 18 Juin. Chaque groupe a pr\u00e9sent\u00e9 ses productions : po\u00e8mes cr\u00e9oles, l\u00e9gendes locales, mangroves et \u00e9cosyst\u00e8mes. Les \u00e9changes ont \u00e9t\u00e9 riches en rires, questions et \u00e9motions, unissant les deux \u00eeles autour de la mer. Ces moments montrent que le projet d\u00e9passe la classe pour tisser des liens humains et fraternels.<br \/>\nUn projet men\u00e9 par Mme LABEAU, professeure de Fran\u00e7ais<\/p>\n","protected":false},"excerpt":{"rendered":"<p>UNE EXPOSITION QUI COULE DE SOURCE ! L\u2019exposition \u00ab Tout larivi\u00e8 ka d\u00e9sann an lanm\u00e8 \u00bb c\u00e9l\u00e8bre en Martinique le lien entre rivi\u00e8re et mer. Elle est port\u00e9e par des \u00e9l\u00e8ves de 6e et 5e, alliant fran\u00e7ais, culture cr\u00e9ole et environnement. L\u2019exposition propose un voyage visuel et sensoriel au fil de l\u2019eau. On y d\u00e9couvre &hellip; <a href=\"https:\/\/site.ac-martinique.fr\/clg-edouardglissant\/2026\/03\/24\/tout-larivie-ka-desann-an-lanme\/\" class=\"more-link\">Continuer la lecture de <span class=\"screen-reader-text\">TOUT LARIVI\u00c8 KA DESANN AN LANM\u00c8<\/span>  <span class=\"meta-nav\">&rarr;<\/span><\/a><\/p>\n","protected":false},"author":602,"featured_media":0,"comment_status":"closed","ping_status":"open","sticky":false,"template":"","format":"standard","meta":{"footnotes":""},"categories":[49,162],"tags":[],"class_list":["post-3312","post","type-post","status-publish","format-standard","hentry","category-a-la-une","category-ulis"],"amp_enabled":true,"_links":{"self":[{"href":"https:\/\/site.ac-martinique.fr\/clg-edouardglissant\/wp-json\/wp\/v2\/posts\/3312","targetHints":{"allow":["GET"]}}],"collection":[{"href":"https:\/\/site.ac-martinique.fr\/clg-edouardglissant\/wp-json\/wp\/v2\/posts"}],"about":[{"href":"https:\/\/site.ac-martinique.fr\/clg-edouardglissant\/wp-json\/wp\/v2\/types\/post"}],"author":[{"embeddable":true,"href":"https:\/\/site.ac-martinique.fr\/clg-edouardglissant\/wp-json\/wp\/v2\/users\/602"}],"replies":[{"embeddable":true,"href":"https:\/\/site.ac-martinique.fr\/clg-edouardglissant\/wp-json\/wp\/v2\/comments?post=3312"}],"version-history":[{"count":1,"href":"https:\/\/site.ac-martinique.fr\/clg-edouardglissant\/wp-json\/wp\/v2\/posts\/3312\/revisions"}],"predecessor-version":[{"id":3316,"href":"https:\/\/site.ac-martinique.fr\/clg-edouardglissant\/wp-json\/wp\/v2\/posts\/3312\/revisions\/3316"}],"wp:attachment":[{"href":"https:\/\/site.ac-martinique.fr\/clg-edouardglissant\/wp-json\/wp\/v2\/media?parent=3312"}],"wp:term":[{"taxonomy":"category","embeddable":true,"href":"https:\/\/site.ac-martinique.fr\/clg-edouardglissant\/wp-json\/wp\/v2\/categories?post=3312"},{"taxonomy":"post_tag","embeddable":true,"href":"https:\/\/site.ac-martinique.fr\/clg-edouardglissant\/wp-json\/wp\/v2\/tags?post=3312"}],"curies":[{"name":"wp","href":"https:\/\/api.w.org\/{rel}","templated":true}]}}