{"id":3318,"date":"2026-03-23T09:17:43","date_gmt":"2026-03-23T12:17:43","guid":{"rendered":"https:\/\/site.ac-martinique.fr\/clg-edouardglissant\/?p=3318"},"modified":"2026-04-28T14:20:07","modified_gmt":"2026-04-28T17:20:07","slug":"au-coeur-du-tout-monde-les-langues-en-fete-au-college-edouard-glissant","status":"publish","type":"post","link":"https:\/\/site.ac-martinique.fr\/clg-edouardglissant\/2026\/03\/23\/au-coeur-du-tout-monde-les-langues-en-fete-au-college-edouard-glissant\/","title":{"rendered":"AU COEUR DU TOUT-MONDE : LES LANGUES EN F\u00caTE AU COLL\u00c8GE \u00c9DOUARD GLISSANT"},"content":{"rendered":"<p><a href=\"https:\/\/site.ac-martinique.fr\/clg-edouardglissant\/wp-content\/uploads\/sites\/55\/2026\/04\/Semaine-des-langues-23-03-26.png\"><img loading=\"lazy\" decoding=\"async\" class=\"alignnone size-medium wp-image-3319\" src=\"https:\/\/site.ac-martinique.fr\/clg-edouardglissant\/wp-content\/uploads\/sites\/55\/2026\/04\/Semaine-des-langues-23-03-26-300x169.png\" alt=\"\" width=\"300\" height=\"169\" srcset=\"https:\/\/site.ac-martinique.fr\/clg-edouardglissant\/wp-content\/uploads\/sites\/55\/2026\/04\/Semaine-des-langues-23-03-26-300x169.png 300w, https:\/\/site.ac-martinique.fr\/clg-edouardglissant\/wp-content\/uploads\/sites\/55\/2026\/04\/Semaine-des-langues-23-03-26-1024x576.png 1024w, https:\/\/site.ac-martinique.fr\/clg-edouardglissant\/wp-content\/uploads\/sites\/55\/2026\/04\/Semaine-des-langues-23-03-26-768x432.png 768w, https:\/\/site.ac-martinique.fr\/clg-edouardglissant\/wp-content\/uploads\/sites\/55\/2026\/04\/Semaine-des-langues-23-03-26-1536x864.png 1536w, https:\/\/site.ac-martinique.fr\/clg-edouardglissant\/wp-content\/uploads\/sites\/55\/2026\/04\/Semaine-des-langues-23-03-26-2048x1152.png 2048w\" sizes=\"auto, (max-width: 300px) 100vw, 300px\" \/><\/a><\/p>\n<p>Du 23 au 27 mars 2026, le coll\u00e8ge E. Glissant a vibr\u00e9 au rythme des langues et des cultures du monde \u00e0 l\u2019occasion de la Semaine des Langues.<\/p>\n<p>Cet \u00e9v\u00e9nement est une belle opportunit\u00e9 de valoriser la richesse culturelle et linguistique de nos \u00e9l\u00e8ves, tout en les invitant \u00e0 s\u2019ouvrir \u00e0 l\u2019autre, \u00e0 d\u00e9couvrir de nouveaux horizons et \u00e0 c\u00e9l\u00e9brer la diversit\u00e9 qui fait la force de notre \u00e9tablissement.<br \/>\nTout au long de la semaine, plusieurs pays et territoires ont \u00e9t\u00e9 mis \u00e0 l\u2019honneur :<br \/>\nla Martinique, Ha\u00efti, Sainte-Lucie, Cuba et la R\u00e9publique Dominicaine pour l\u2019espace Cara\u00efbe ; le Br\u00e9sil et le Venezuela pour l\u2019Am\u00e9rique latine ; ainsi que la Russie, la Chine, l&rsquo;Espagne et l\u2019Irlande.<\/p>\n<p>Un programme vari\u00e9 et festif a \u00e9t\u00e9 propos\u00e9 aux \u00e9l\u00e8ves :<br \/>\n\u2013 des expositions pour d\u00e9couvrir diff\u00e9rentes cultures,<br \/>\n\u2013 des ateliers linguistiques pour s\u2019initier \u00e0 quelques mots et expressions,<br \/>\n\u2013 des activit\u00e9s sportives inspir\u00e9es de ces pays,\u00a0 \u00a0 \u00a0 \u00a0 \u00a0 \u00a0 \u00a0 \u00a0 \u00a0 \u00a0 \u00a0 \u00a0 \u00a0 \u00a0 \u00a0 \u00a0 \u00a0 \u00a0 \u00a0 \u00a0 \u00a0 \u00a0 \u00a0 \u00a0 \u00a0 &#8211; un concert aux rythmes afro carib\u00e9ens,\u00a0 \u00a0 \u00a0 \u00a0 \u00a0 \u00a0 \u00a0 \u00a0 \u00a0 \u00a0 \u00a0 \u00a0 \u00a0 \u00a0 \u00a0 \u00a0 \u00a0 \u00a0 \u00a0 \u00a0 \u00a0 \u00a0 \u00a0 \u00a0 \u00a0 \u00a0 \u00a0 \u00a0 \u00a0 \u00a0 \u00a0\u2013 et une d\u00e9coration de l\u2019\u00e9tablissement aux couleurs du monde.<\/p>\n<p>Cette semaine a \u00e9t\u00e9 voulue pour tous un moment de partage, l\u2019occasion pour chacun de voyager autrement, de d\u00e9couvrir la richesse des langues et des cultures, et de d\u00e9velopper curiosit\u00e9, respect et ouverture aux autres.<br \/>\nMerci \u00e0 l\u2019\u00e9quipe de langues pour l\u2019organisation de cet \u00e9v\u00e9nement festif et enrichissant !<\/p>\n","protected":false},"excerpt":{"rendered":"<p>Du 23 au 27 mars 2026, le coll\u00e8ge E. Glissant a vibr\u00e9 au rythme des langues et des cultures du monde \u00e0 l\u2019occasion de la Semaine des Langues. Cet \u00e9v\u00e9nement est une belle opportunit\u00e9 de valoriser la richesse culturelle et linguistique de nos \u00e9l\u00e8ves, tout en les invitant \u00e0 s\u2019ouvrir \u00e0 l\u2019autre, \u00e0 d\u00e9couvrir de &hellip; <a href=\"https:\/\/site.ac-martinique.fr\/clg-edouardglissant\/2026\/03\/23\/au-coeur-du-tout-monde-les-langues-en-fete-au-college-edouard-glissant\/\" class=\"more-link\">Continuer la lecture de <span class=\"screen-reader-text\">AU COEUR DU TOUT-MONDE : LES LANGUES EN F\u00caTE AU COLL\u00c8GE \u00c9DOUARD GLISSANT<\/span>  <span class=\"meta-nav\">&rarr;<\/span><\/a><\/p>\n","protected":false},"author":602,"featured_media":0,"comment_status":"closed","ping_status":"open","sticky":false,"template":"","format":"standard","meta":{"footnotes":""},"categories":[49],"tags":[],"class_list":["post-3318","post","type-post","status-publish","format-standard","hentry","category-a-la-une"],"amp_enabled":true,"_links":{"self":[{"href":"https:\/\/site.ac-martinique.fr\/clg-edouardglissant\/wp-json\/wp\/v2\/posts\/3318","targetHints":{"allow":["GET"]}}],"collection":[{"href":"https:\/\/site.ac-martinique.fr\/clg-edouardglissant\/wp-json\/wp\/v2\/posts"}],"about":[{"href":"https:\/\/site.ac-martinique.fr\/clg-edouardglissant\/wp-json\/wp\/v2\/types\/post"}],"author":[{"embeddable":true,"href":"https:\/\/site.ac-martinique.fr\/clg-edouardglissant\/wp-json\/wp\/v2\/users\/602"}],"replies":[{"embeddable":true,"href":"https:\/\/site.ac-martinique.fr\/clg-edouardglissant\/wp-json\/wp\/v2\/comments?post=3318"}],"version-history":[{"count":3,"href":"https:\/\/site.ac-martinique.fr\/clg-edouardglissant\/wp-json\/wp\/v2\/posts\/3318\/revisions"}],"predecessor-version":[{"id":3327,"href":"https:\/\/site.ac-martinique.fr\/clg-edouardglissant\/wp-json\/wp\/v2\/posts\/3318\/revisions\/3327"}],"wp:attachment":[{"href":"https:\/\/site.ac-martinique.fr\/clg-edouardglissant\/wp-json\/wp\/v2\/media?parent=3318"}],"wp:term":[{"taxonomy":"category","embeddable":true,"href":"https:\/\/site.ac-martinique.fr\/clg-edouardglissant\/wp-json\/wp\/v2\/categories?post=3318"},{"taxonomy":"post_tag","embeddable":true,"href":"https:\/\/site.ac-martinique.fr\/clg-edouardglissant\/wp-json\/wp\/v2\/tags?post=3318"}],"curies":[{"name":"wp","href":"https:\/\/api.w.org\/{rel}","templated":true}]}}