{"id":4191,"date":"2024-06-10T08:31:35","date_gmt":"2024-06-10T12:31:35","guid":{"rendered":"https:\/\/site.ac-martinique.fr\/clg-emmanuelsaldes\/?p=4191"},"modified":"2024-12-13T22:48:06","modified_gmt":"2024-12-14T02:48:06","slug":"prevention-du-harcelement-scolaire-le-theatre-pour-sensibiliser","status":"publish","type":"post","link":"https:\/\/site.ac-martinique.fr\/clg-emmanuelsaldes\/?p=4191","title":{"rendered":"PREVENTION DU HARCELEMENT SCOLAIRE: LE TH\u00c9\u00c2TRE POUR SENSIBILISER"},"content":{"rendered":"\n<div data-breakout=\"normal\">\n<div class=\"apc-adage \">\n<h1 class=\"border-action border-left-only\" style=\"text-align: center;\"><a class=\"ml4\" href=\"https:\/\/adage-pr.phm.education.gouv.fr\/adage\/passculture\/index#\">Lutte contre le harc\u00e8lement (plan PHARE) avec la pi\u00e8ce de th\u00e9\u00e2tre &#8220;Ces filles-l\u00e0&#8221; , <\/a><span style=\"color: initial;\">le <\/span><span class=\"\" style=\"color: initial;\"><span class=\"inherit\">14\/11\/2023<\/span>\u00a0\u00e0\u00a0<span class=\"inherit\">14:00 avec les \u00e9l\u00e8ves de 3e1, 4e1 et 4e4.<\/span><\/span><\/h1>\n<\/div>\n<p id=\"viewer-ar2ki\" class=\"Yxme4 _7TwO0 G6OAd d-O73\" dir=\"auto\"><span class=\"MuheC G6OAd\">&#8220;Ces filles-l\u00e0!&#8221; est tir\u00e9e d\u2019une histoire vraie, celle d\u2019une jeune canadienne, Amanda Todd, qui apr\u00e8s avoir travers\u00e9 une situation complexe de harc\u00e8lement, a d\u00e9cid\u00e9 de mettre fin \u00e0 ses jours. <\/span><span style=\"font-size: revert; color: initial;\">Aujourd\u2019hui et depuis, combien d\u2019autres jeunes ont v\u00e9cu la m\u00eame histoire ? \u00bb.<\/span><\/p>\n<p dir=\"auto\"><img loading=\"lazy\" decoding=\"async\" class=\"aligncenter\" src=\"https:\/\/static.wixstatic.com\/media\/a419e9_63cd76078f1f45afb39a3351c29d8b19~mv2.jpg\/v1\/fill\/w_442,h_625,al_c,q_80,usm_0.66_1.00_0.01,enc_auto\/a419e9_63cd76078f1f45afb39a3351c29d8b19~mv2.jpg\" width=\"522\" height=\"738\" \/><\/p>\n<\/div>\n<div data-hook=\"rcv-block8\"><em>C\u2019est l\u2019histoire d\u2019un groupe de filles. Elles sont vingt. Les filles de Saint H\u00e9l\u00e8ne. Elles ont grandi ensemble toujours dans la m\u00eame classe. Elles seront amies pour la vie. Mais, depuis l\u2019enfance, Scarlett ne s\u2019est jamais v\u00e9ritablement int\u00e9gr\u00e9e au groupe de fille. Est-ce parce qu\u2019elle n\u2019est pas bien coiff\u00e9e ? Parce qu\u2019elle parle fort ? Parce qu\u2019elle attire les gar\u00e7ons ? La diffusion d\u2019une de ses photos intimes sur les r\u00e9seaux sociaux d\u00e9clenche sa lente mais certaine descente aux enfers, racont\u00e9e par une voix unique, celle du groupe des autres filles, qui la juge coupable \u2013 mais de quoi exactement? Scarlett quitte son \u00e9tablissement, mais les filles sont tenaces, d\u00e9cid\u00e9es, implacables. Elle dispara\u00eet. Un soir, un corps est retrouv\u00e9.<\/em><\/div>\n<div data-hook=\"rcv-block8\">\u00a0<\/div>\n<div data-hook=\"rcv-block8\">Le texte a abord\u00e9 la th\u00e9matique du cyber-harc\u00e8lement et du harc\u00e8lement scolaire mais \u00e9galement les probl\u00e9matiques f\u00e9minines telles que la violence des filles entre elles, l\u2019adolescence, le besoin de s&#8217;int\u00e9grer et de plaire, le tiraillement entre f\u00e9minisme, conformisme, soumission, ind\u00e9pendance et silence.<\/div>\n<div data-hook=\"rcv-block8\">\u00a0<\/div>\n<div data-hook=\"rcv-block8\">\u00a0<\/div>\n<div data-hook=\"rcv-block8\"><span style=\"font-size: revert; color: initial;\">D\u2019apr\u00e8s le texte d\u2019Evan Placey<\/span><\/div>\n<div data-breakout=\"normal\">\n<p id=\"viewer-7gm23\" class=\"Yxme4 _7TwO0 LUlav d-O73\" dir=\"auto\"><span class=\"MuheC\">Traduit par Ad\u00e9la\u00efde Pralon<\/span><\/p>\n<\/div>\n<div data-breakout=\"normal\">\n<p id=\"viewer-84n73\" class=\"Yxme4 _7TwO0 LUlav d-O73\" dir=\"auto\"><span class=\"MuheC\">Mise en sc\u00e8ne : Steffy GLISSANT<\/span><\/p>\n<\/div>\n\n\n\n<figure class=\"wp-block-image size-large\"><a href=\"https:\/\/site.ac-martinique.fr\/clg-emmanuelsaldes\/wp-content\/uploads\/sites\/56\/2024\/06\/1717704847529.jpg\"><img loading=\"lazy\" decoding=\"async\" width=\"1024\" height=\"768\" src=\"https:\/\/site.ac-martinique.fr\/clg-emmanuelsaldes\/wp-content\/uploads\/sites\/56\/2024\/06\/1717704847529-1024x768.jpg\" alt=\"\" class=\"wp-image-4192\" srcset=\"https:\/\/site.ac-martinique.fr\/clg-emmanuelsaldes\/wp-content\/uploads\/sites\/56\/2024\/06\/1717704847529-1024x768.jpg 1024w, https:\/\/site.ac-martinique.fr\/clg-emmanuelsaldes\/wp-content\/uploads\/sites\/56\/2024\/06\/1717704847529-300x225.jpg 300w, https:\/\/site.ac-martinique.fr\/clg-emmanuelsaldes\/wp-content\/uploads\/sites\/56\/2024\/06\/1717704847529-768x576.jpg 768w, https:\/\/site.ac-martinique.fr\/clg-emmanuelsaldes\/wp-content\/uploads\/sites\/56\/2024\/06\/1717704847529-1536x1152.jpg 1536w, https:\/\/site.ac-martinique.fr\/clg-emmanuelsaldes\/wp-content\/uploads\/sites\/56\/2024\/06\/1717704847529.jpg 1600w\" sizes=\"auto, (max-width: 1024px) 100vw, 1024px\" \/><\/a><\/figure>\n\n\n\n<figure class=\"wp-block-image size-large\"><a href=\"https:\/\/site.ac-martinique.fr\/clg-emmanuelsaldes\/wp-content\/uploads\/sites\/56\/2024\/06\/1717704847581.jpg\"><img loading=\"lazy\" decoding=\"async\" width=\"927\" height=\"1024\" src=\"https:\/\/site.ac-martinique.fr\/clg-emmanuelsaldes\/wp-content\/uploads\/sites\/56\/2024\/06\/1717704847581-927x1024.jpg\" alt=\"\" class=\"wp-image-4195\" srcset=\"https:\/\/site.ac-martinique.fr\/clg-emmanuelsaldes\/wp-content\/uploads\/sites\/56\/2024\/06\/1717704847581-927x1024.jpg 927w, https:\/\/site.ac-martinique.fr\/clg-emmanuelsaldes\/wp-content\/uploads\/sites\/56\/2024\/06\/1717704847581-272x300.jpg 272w, https:\/\/site.ac-martinique.fr\/clg-emmanuelsaldes\/wp-content\/uploads\/sites\/56\/2024\/06\/1717704847581-768x848.jpg 768w, https:\/\/site.ac-martinique.fr\/clg-emmanuelsaldes\/wp-content\/uploads\/sites\/56\/2024\/06\/1717704847581.jpg 1075w\" sizes=\"auto, (max-width: 927px) 100vw, 927px\" \/><\/a><\/figure>\n","protected":false},"excerpt":{"rendered":"<p>Lutte contre le harc\u00e8lement (plan PHARE) avec la pi\u00e8ce de th\u00e9\u00e2tre &#8220;Ces filles-l\u00e0&#8221; , le 14\/11\/2023\u00a0\u00e0\u00a014:00 avec les \u00e9l\u00e8ves de 3e1, 4e1 et 4e4. &#8220;Ces filles-l\u00e0!&#8221; est tir\u00e9e d\u2019une histoire [&hellip;]<\/p>\n","protected":false},"author":263,"featured_media":4192,"comment_status":"closed","ping_status":"closed","sticky":false,"template":"","format":"standard","meta":{"_EventAllDay":false,"_EventTimezone":"","_EventStartDate":"","_EventEndDate":"","_EventStartDateUTC":"","_EventEndDateUTC":"","_EventShowMap":false,"_EventShowMapLink":false,"_EventURL":"","_EventCost":"","_EventCostDescription":"","_EventCurrencySymbol":"","_EventCurrencyCode":"","_EventCurrencyPosition":"","_EventDateTimeSeparator":"","_EventTimeRangeSeparator":"","_EventOrganizerID":[],"_EventVenueID":[],"_OrganizerEmail":"","_OrganizerPhone":"","_OrganizerWebsite":"","_VenueAddress":"","_VenueCity":"","_VenueCountry":"","_VenueProvince":"","_VenueState":"","_VenueZip":"","_VenuePhone":"","_VenueURL":"","_VenueStateProvince":"","_VenueLat":"","_VenueLng":"","_VenueShowMap":false,"_VenueShowMapLink":false,"footnotes":""},"categories":[1],"tags":[],"class_list":["post-4191","post","type-post","status-publish","format-standard","has-post-thumbnail","hentry","category-non-classe"],"_links":{"self":[{"href":"https:\/\/site.ac-martinique.fr\/clg-emmanuelsaldes\/index.php?rest_route=\/wp\/v2\/posts\/4191","targetHints":{"allow":["GET"]}}],"collection":[{"href":"https:\/\/site.ac-martinique.fr\/clg-emmanuelsaldes\/index.php?rest_route=\/wp\/v2\/posts"}],"about":[{"href":"https:\/\/site.ac-martinique.fr\/clg-emmanuelsaldes\/index.php?rest_route=\/wp\/v2\/types\/post"}],"author":[{"embeddable":true,"href":"https:\/\/site.ac-martinique.fr\/clg-emmanuelsaldes\/index.php?rest_route=\/wp\/v2\/users\/263"}],"replies":[{"embeddable":true,"href":"https:\/\/site.ac-martinique.fr\/clg-emmanuelsaldes\/index.php?rest_route=%2Fwp%2Fv2%2Fcomments&post=4191"}],"version-history":[{"count":2,"href":"https:\/\/site.ac-martinique.fr\/clg-emmanuelsaldes\/index.php?rest_route=\/wp\/v2\/posts\/4191\/revisions"}],"predecessor-version":[{"id":4196,"href":"https:\/\/site.ac-martinique.fr\/clg-emmanuelsaldes\/index.php?rest_route=\/wp\/v2\/posts\/4191\/revisions\/4196"}],"wp:featuredmedia":[{"embeddable":true,"href":"https:\/\/site.ac-martinique.fr\/clg-emmanuelsaldes\/index.php?rest_route=\/wp\/v2\/media\/4192"}],"wp:attachment":[{"href":"https:\/\/site.ac-martinique.fr\/clg-emmanuelsaldes\/index.php?rest_route=%2Fwp%2Fv2%2Fmedia&parent=4191"}],"wp:term":[{"taxonomy":"category","embeddable":true,"href":"https:\/\/site.ac-martinique.fr\/clg-emmanuelsaldes\/index.php?rest_route=%2Fwp%2Fv2%2Fcategories&post=4191"},{"taxonomy":"post_tag","embeddable":true,"href":"https:\/\/site.ac-martinique.fr\/clg-emmanuelsaldes\/index.php?rest_route=%2Fwp%2Fv2%2Ftags&post=4191"}],"curies":[{"name":"wp","href":"https:\/\/api.w.org\/{rel}","templated":true}]}}