{"id":5247,"date":"2026-04-30T20:37:41","date_gmt":"2026-05-01T00:37:41","guid":{"rendered":"https:\/\/site.ac-martinique.fr\/clg-emmanuelsaldes\/?p=5247"},"modified":"2026-04-30T20:43:01","modified_gmt":"2026-05-01T00:43:01","slug":"diplome-national-du-brevet-2026-le-calendrier-des-epreuves-ecrites","status":"publish","type":"post","link":"https:\/\/site.ac-martinique.fr\/clg-emmanuelsaldes\/?p=5247","title":{"rendered":"Dipl\u00f4me national du brevet 2026 : le calendrier des \u00e9preuves \u00e9crites"},"content":{"rendered":"<figure style=\"aspect-ratio:16\/9;height:200px; padding-top:0;padding-bottom:0;\" class=\"tw-lg-hidden tw-md-hidden tw-sm-hidden is-style-default wp-block-post-featured-image\"><img loading=\"lazy\" decoding=\"async\" width=\"640\" height=\"426\" src=\"https:\/\/site.ac-martinique.fr\/clg-emmanuelsaldes\/wp-content\/uploads\/sites\/56\/2026\/04\/DNB-1024x682.jpg\" class=\"attachment-large size-large wp-post-image\" alt=\"\" style=\"width:100%;height:100%;object-fit:cover;\" srcset=\"https:\/\/site.ac-martinique.fr\/clg-emmanuelsaldes\/wp-content\/uploads\/sites\/56\/2026\/04\/DNB-1024x682.jpg 1024w, https:\/\/site.ac-martinique.fr\/clg-emmanuelsaldes\/wp-content\/uploads\/sites\/56\/2026\/04\/DNB-300x200.jpg 300w, https:\/\/site.ac-martinique.fr\/clg-emmanuelsaldes\/wp-content\/uploads\/sites\/56\/2026\/04\/DNB-768x512.jpg 768w, https:\/\/site.ac-martinique.fr\/clg-emmanuelsaldes\/wp-content\/uploads\/sites\/56\/2026\/04\/DNB.jpg 1280w\" sizes=\"auto, (max-width: 640px) 100vw, 640px\" \/><\/figure>\n\n\n<p>Voici le calendrier des \u00e9preuves \u00e9crites du dipl\u00f4me national du brevet (session normale 2026) pour la <strong>Martinique<\/strong> :<\/p>\n\n\n\n<p class=\"has-black-color has-text-color has-link-color wp-elements-adb4805a031e1886071f7114a59a9a73\"><strong>Vendredi 26 juin 2026<\/strong><br><strong>\u2022 Fran\u00e7ais 1<sup>re<\/sup> partie <\/strong>(grammaire, comp\u00e9tences linguistiques, compr\u00e9hension et comp\u00e9tences d&#8217;interpr\u00e9tation, dict\u00e9e) : 08 h 00 &#8211; 09 h 30.<br><strong>\u2022 Fran\u00e7ais 2<sup>e<\/sup> partie<\/strong> (r\u00e9daction) : 09 h 45 &#8211; 11 h 15.<\/p>\n\n\n\n<p><strong>Lundi 29 juin 2026<\/strong><br><strong>\u2022 Sciences<\/strong> (physique-chimie et SVT) : 08 h 00 &#8211; 09 h 00.<br><strong>\u2022 Histoire et g\u00e9ographie \/ Enseignement moral et civique<\/strong> : 09 h 30 &#8211; 11 h 30.<\/p>\n\n\n\n<p><strong>Mardi 30 juin 2026<\/strong><br><strong>\u2022 Math\u00e9matiques : <\/strong>08 h 30 &#8211; 10 h 30.<br><strong>\u2022 Langue vivante \u00e9trang\u00e8re<\/strong> : 13 h 30 &#8211; 15 h 00.<\/p>\n\n\n\n<p><\/p>\n","protected":false},"excerpt":{"rendered":"<p>Voici le calendrier des \u00e9preuves \u00e9crites du dipl\u00f4me national du brevet (session normale 2026) pour la Martinique : Vendredi 26 juin 2026\u2022 Fran\u00e7ais 1re partie (grammaire, comp\u00e9tences linguistiques, compr\u00e9hension et [&hellip;]<\/p>\n","protected":false},"author":357,"featured_media":5250,"comment_status":"closed","ping_status":"","sticky":false,"template":"","format":"standard","meta":{"_EventAllDay":false,"_EventTimezone":"","_EventStartDate":"","_EventEndDate":"","_EventStartDateUTC":"","_EventEndDateUTC":"","_EventShowMap":false,"_EventShowMapLink":false,"_EventURL":"","_EventCost":"","_EventCostDescription":"","_EventCurrencySymbol":"","_EventCurrencyCode":"","_EventCurrencyPosition":"","_EventDateTimeSeparator":"","_EventTimeRangeSeparator":"","_EventOrganizerID":[],"_EventVenueID":[],"_OrganizerEmail":"","_OrganizerPhone":"","_OrganizerWebsite":"","_VenueAddress":"","_VenueCity":"","_VenueCountry":"","_VenueProvince":"","_VenueState":"","_VenueZip":"","_VenuePhone":"","_VenueURL":"","_VenueStateProvince":"","_VenueLat":"","_VenueLng":"","_VenueShowMap":false,"_VenueShowMapLink":false,"footnotes":""},"categories":[129],"tags":[],"class_list":["post-5247","post","type-post","status-publish","format-standard","has-post-thumbnail","hentry","category-actualites"],"_links":{"self":[{"href":"https:\/\/site.ac-martinique.fr\/clg-emmanuelsaldes\/index.php?rest_route=\/wp\/v2\/posts\/5247","targetHints":{"allow":["GET"]}}],"collection":[{"href":"https:\/\/site.ac-martinique.fr\/clg-emmanuelsaldes\/index.php?rest_route=\/wp\/v2\/posts"}],"about":[{"href":"https:\/\/site.ac-martinique.fr\/clg-emmanuelsaldes\/index.php?rest_route=\/wp\/v2\/types\/post"}],"author":[{"embeddable":true,"href":"https:\/\/site.ac-martinique.fr\/clg-emmanuelsaldes\/index.php?rest_route=\/wp\/v2\/users\/357"}],"replies":[{"embeddable":true,"href":"https:\/\/site.ac-martinique.fr\/clg-emmanuelsaldes\/index.php?rest_route=%2Fwp%2Fv2%2Fcomments&post=5247"}],"version-history":[{"count":5,"href":"https:\/\/site.ac-martinique.fr\/clg-emmanuelsaldes\/index.php?rest_route=\/wp\/v2\/posts\/5247\/revisions"}],"predecessor-version":[{"id":5254,"href":"https:\/\/site.ac-martinique.fr\/clg-emmanuelsaldes\/index.php?rest_route=\/wp\/v2\/posts\/5247\/revisions\/5254"}],"wp:featuredmedia":[{"embeddable":true,"href":"https:\/\/site.ac-martinique.fr\/clg-emmanuelsaldes\/index.php?rest_route=\/wp\/v2\/media\/5250"}],"wp:attachment":[{"href":"https:\/\/site.ac-martinique.fr\/clg-emmanuelsaldes\/index.php?rest_route=%2Fwp%2Fv2%2Fmedia&parent=5247"}],"wp:term":[{"taxonomy":"category","embeddable":true,"href":"https:\/\/site.ac-martinique.fr\/clg-emmanuelsaldes\/index.php?rest_route=%2Fwp%2Fv2%2Fcategories&post=5247"},{"taxonomy":"post_tag","embeddable":true,"href":"https:\/\/site.ac-martinique.fr\/clg-emmanuelsaldes\/index.php?rest_route=%2Fwp%2Fv2%2Ftags&post=5247"}],"curies":[{"name":"wp","href":"https:\/\/api.w.org\/{rel}","templated":true}]}}