{"id":1058,"date":"2026-08-28T14:14:29","date_gmt":"2026-08-28T12:14:29","guid":{"rendered":"https:\/\/site.ac-martinique.fr\/clg-eugenemona\/?p=1058"},"modified":"2026-08-28T14:14:33","modified_gmt":"2026-08-28T12:14:33","slug":"rentree-au-college-eugene-mona","status":"publish","type":"post","link":"https:\/\/site.ac-martinique.fr\/clg-eugenemona\/2026\/08\/28\/rentree-au-college-eugene-mona\/","title":{"rendered":"RENTREE 2026-2027 AU COLLEGE EUGENE MONA"},"content":{"rendered":"\n<p class=\"has-large-font-size wp-block-paragraph\"><strong>Calendrier des pr\u00e9-rentr\u00e9es des classes de 6\u00e8mes aux 3\u00e8mes ainsi que la date de la rentr\u00e9e g\u00e9n\u00e9rale<\/strong><\/p>\n\n\n\n<div data-wp-interactive=\"core\/file\" class=\"wp-block-file\"><object data-wp-bind--hidden=\"!state.hasPdfPreview\" hidden class=\"wp-block-file__embed\" data=\"https:\/\/site.ac-martinique.fr\/clg-eugenemona\/wp-content\/uploads\/sites\/76\/2025\/08\/COMMUNIQUE-DE-PRESSE-RENTREE-2026.pdf\" type=\"application\/pdf\" style=\"width:100%;height:600px\" aria-label=\"Contenu embarqu\u00e9 COMMUNIQUE DE PRESSE RENTREE 2026.\"><\/object><a id=\"wp-block-file--media-2cc373f8-13c0-4f87-9464-8ba192e16f86\" href=\"https:\/\/site.ac-martinique.fr\/clg-eugenemona\/wp-content\/uploads\/sites\/76\/2025\/08\/COMMUNIQUE-DE-PRESSE-RENTREE-2026.pdf\">COMMUNIQUE DE PRESSE RENTREE 2026<\/a><\/div>\n","protected":false},"excerpt":{"rendered":"<p>Calendrier des pr\u00e9-rentr\u00e9es des classes de 6\u00e8mes aux 3\u00e8mes ainsi que la date de la rentr\u00e9e g\u00e9n\u00e9rale<\/p>\n","protected":false},"author":208,"featured_media":1341,"comment_status":"closed","ping_status":"closed","sticky":false,"template":"","format":"standard","meta":{"footnotes":""},"categories":[7,22],"tags":[],"class_list":["post-1058","post","type-post","status-publish","format-standard","has-post-thumbnail","hentry","category-acc","category-actualites","item-wrap"],"_links":{"self":[{"href":"https:\/\/site.ac-martinique.fr\/clg-eugenemona\/wp-json\/wp\/v2\/posts\/1058","targetHints":{"allow":["GET"]}}],"collection":[{"href":"https:\/\/site.ac-martinique.fr\/clg-eugenemona\/wp-json\/wp\/v2\/posts"}],"about":[{"href":"https:\/\/site.ac-martinique.fr\/clg-eugenemona\/wp-json\/wp\/v2\/types\/post"}],"author":[{"embeddable":true,"href":"https:\/\/site.ac-martinique.fr\/clg-eugenemona\/wp-json\/wp\/v2\/users\/208"}],"replies":[{"embeddable":true,"href":"https:\/\/site.ac-martinique.fr\/clg-eugenemona\/wp-json\/wp\/v2\/comments?post=1058"}],"version-history":[{"count":6,"href":"https:\/\/site.ac-martinique.fr\/clg-eugenemona\/wp-json\/wp\/v2\/posts\/1058\/revisions"}],"predecessor-version":[{"id":1343,"href":"https:\/\/site.ac-martinique.fr\/clg-eugenemona\/wp-json\/wp\/v2\/posts\/1058\/revisions\/1343"}],"wp:featuredmedia":[{"embeddable":true,"href":"https:\/\/site.ac-martinique.fr\/clg-eugenemona\/wp-json\/wp\/v2\/media\/1341"}],"wp:attachment":[{"href":"https:\/\/site.ac-martinique.fr\/clg-eugenemona\/wp-json\/wp\/v2\/media?parent=1058"}],"wp:term":[{"taxonomy":"category","embeddable":true,"href":"https:\/\/site.ac-martinique.fr\/clg-eugenemona\/wp-json\/wp\/v2\/categories?post=1058"},{"taxonomy":"post_tag","embeddable":true,"href":"https:\/\/site.ac-martinique.fr\/clg-eugenemona\/wp-json\/wp\/v2\/tags?post=1058"}],"curies":[{"name":"wp","href":"https:\/\/api.w.org\/{rel}","templated":true}]}}