{"id":5871,"date":"2024-02-27T18:17:00","date_gmt":"2024-02-27T22:17:00","guid":{"rendered":"https:\/\/site.ac-martinique.fr\/clg-fernanddonatien\/?p=5871"},"modified":"2024-02-28T18:18:12","modified_gmt":"2024-02-28T22:18:12","slug":"information-sortie-apres-demi-pension","status":"publish","type":"post","link":"https:\/\/site.ac-martinique.fr\/clg-fernanddonatien\/?p=5871","title":{"rendered":"Information &#8211; Sortie apr\u00e8s demi-pension"},"content":{"rendered":"\n<p style=\"text-align: justify;\"><span style=\"font-family: arial, helvetica, sans-serif;\">Lors du conseil d&rsquo;administration du 8 f\u00e9vrier 2024 une modification de l&rsquo;horaire de sortie des demi-pensionnaires a \u00e9t\u00e9 vot\u00e9e.\u00a0<\/span><br \/><strong><span style=\"font-family: arial, helvetica, sans-serif;\">A compter du vendredi 1er mars 2024 les \u00e9l\u00e8ves demis-pensionnaires sortiront apr\u00e8s la demi pension \u00e0 partir de 12h30.<\/span><\/strong><\/p>\n<p><br \/><span style=\"font-family: arial, helvetica, sans-serif;\">En vous remerciant.<\/span><\/p>\n<p><span style=\"font-family: arial, helvetica, sans-serif;\">La Direction<\/span><\/p>\n","protected":false},"excerpt":{"rendered":"<p>Lors du conseil d&rsquo;administration du 8 f\u00e9vrier 2024 une modification de l&rsquo;horaire de sortie des demi-pensionnaires a \u00e9t\u00e9 vot\u00e9e.\u00a0A compter du vendredi 1er mars 2024 les \u00e9l\u00e8ves demis-pensionnaires sortiront apr\u00e8s la demi pension \u00e0 partir de 12h30. En vous remerciant. La Direction<\/p>\n","protected":false},"author":126,"featured_media":5865,"comment_status":"closed","ping_status":"closed","sticky":true,"template":"","format":"standard","meta":{"footnotes":"","_links_to":"","_links_to_target":""},"categories":[91],"tags":[],"class_list":["post-5871","post","type-post","status-publish","format-standard","has-post-thumbnail","hentry","category-administration"],"_links":{"self":[{"href":"https:\/\/site.ac-martinique.fr\/clg-fernanddonatien\/index.php?rest_route=\/wp\/v2\/posts\/5871","targetHints":{"allow":["GET"]}}],"collection":[{"href":"https:\/\/site.ac-martinique.fr\/clg-fernanddonatien\/index.php?rest_route=\/wp\/v2\/posts"}],"about":[{"href":"https:\/\/site.ac-martinique.fr\/clg-fernanddonatien\/index.php?rest_route=\/wp\/v2\/types\/post"}],"author":[{"embeddable":true,"href":"https:\/\/site.ac-martinique.fr\/clg-fernanddonatien\/index.php?rest_route=\/wp\/v2\/users\/126"}],"replies":[{"embeddable":true,"href":"https:\/\/site.ac-martinique.fr\/clg-fernanddonatien\/index.php?rest_route=%2Fwp%2Fv2%2Fcomments&post=5871"}],"version-history":[{"count":3,"href":"https:\/\/site.ac-martinique.fr\/clg-fernanddonatien\/index.php?rest_route=\/wp\/v2\/posts\/5871\/revisions"}],"predecessor-version":[{"id":5874,"href":"https:\/\/site.ac-martinique.fr\/clg-fernanddonatien\/index.php?rest_route=\/wp\/v2\/posts\/5871\/revisions\/5874"}],"wp:featuredmedia":[{"embeddable":true,"href":"https:\/\/site.ac-martinique.fr\/clg-fernanddonatien\/index.php?rest_route=\/wp\/v2\/media\/5865"}],"wp:attachment":[{"href":"https:\/\/site.ac-martinique.fr\/clg-fernanddonatien\/index.php?rest_route=%2Fwp%2Fv2%2Fmedia&parent=5871"}],"wp:term":[{"taxonomy":"category","embeddable":true,"href":"https:\/\/site.ac-martinique.fr\/clg-fernanddonatien\/index.php?rest_route=%2Fwp%2Fv2%2Fcategories&post=5871"},{"taxonomy":"post_tag","embeddable":true,"href":"https:\/\/site.ac-martinique.fr\/clg-fernanddonatien\/index.php?rest_route=%2Fwp%2Fv2%2Ftags&post=5871"}],"curies":[{"name":"wp","href":"https:\/\/api.w.org\/{rel}","templated":true}]}}