{"id":1268,"date":"2016-10-07T12:50:33","date_gmt":"2016-10-07T16:50:33","guid":{"rendered":"\/clg-georgeselisabeth\/?p=1268"},"modified":"2016-10-13T09:28:35","modified_gmt":"2016-10-13T13:28:35","slug":"journee-de-mobilisation-contre-le-harcelement","status":"publish","type":"post","link":"https:\/\/site.ac-martinique.fr\/clg-georgeselisabeth\/?p=1268","title":{"rendered":"4 Novembre 2016, Journ\u00e9e de mobilisation contre le harc\u00e8lement"},"content":{"rendered":"<p style=\"text-align: justify;\"><a href=\"\/clg-georgeselisabeth\/wp-content\/uploads\/sites\/58\/2016\/10\/affiche-journee-harcelement4_11_16.jpg\"><img loading=\"lazy\" decoding=\"async\" class=\"wp-image-1269 alignleft\" src=\"\/clg-georgeselisabeth\/wp-content\/uploads\/sites\/58\/2016\/10\/affiche-journee-harcelement4_11_16.jpg\" alt=\"affiche-journee-harcelement4_11_16\" width=\"250\" height=\"353\" srcset=\"https:\/\/site.ac-martinique.fr\/clg-georgeselisabeth\/wp-content\/uploads\/sites\/58\/2016\/10\/affiche-journee-harcelement4_11_16.jpg 1240w, https:\/\/site.ac-martinique.fr\/clg-georgeselisabeth\/wp-content\/uploads\/sites\/58\/2016\/10\/affiche-journee-harcelement4_11_16-212x300.jpg 212w, https:\/\/site.ac-martinique.fr\/clg-georgeselisabeth\/wp-content\/uploads\/sites\/58\/2016\/10\/affiche-journee-harcelement4_11_16-424x600.jpg 424w\" sizes=\"auto, (max-width: 250px) 100vw, 250px\" \/><\/a>Cliquez sur l&rsquo;image pour l&rsquo;agrandir et prendre connaissance des activit\u00e9s li\u00e9es \u00e0 <strong>la journ\u00e9e de mobilisation contre le harc\u00e8lement qui se d\u00e9roulera le Vendredi 4 Novembre 2016.<\/strong><\/p>\n","protected":false},"excerpt":{"rendered":"<p>Cliquez sur l&rsquo;image pour l&rsquo;agrandir et prendre connaissance des activit\u00e9s li\u00e9es \u00e0 la journ\u00e9e de mobilisation contre le harc\u00e8lement qui se d\u00e9roulera le Vendredi 4 Novembre 2016.<\/p>\n","protected":false},"author":140,"featured_media":0,"comment_status":"closed","ping_status":"closed","sticky":false,"template":"","format":"standard","meta":{"footnotes":""},"categories":[9],"tags":[],"class_list":["post-1268","post","type-post","status-publish","format-standard","hentry","category-notes-dinformations"],"_links":{"self":[{"href":"https:\/\/site.ac-martinique.fr\/clg-georgeselisabeth\/index.php?rest_route=\/wp\/v2\/posts\/1268","targetHints":{"allow":["GET"]}}],"collection":[{"href":"https:\/\/site.ac-martinique.fr\/clg-georgeselisabeth\/index.php?rest_route=\/wp\/v2\/posts"}],"about":[{"href":"https:\/\/site.ac-martinique.fr\/clg-georgeselisabeth\/index.php?rest_route=\/wp\/v2\/types\/post"}],"author":[{"embeddable":true,"href":"https:\/\/site.ac-martinique.fr\/clg-georgeselisabeth\/index.php?rest_route=\/wp\/v2\/users\/140"}],"replies":[{"embeddable":true,"href":"https:\/\/site.ac-martinique.fr\/clg-georgeselisabeth\/index.php?rest_route=%2Fwp%2Fv2%2Fcomments&post=1268"}],"version-history":[{"count":5,"href":"https:\/\/site.ac-martinique.fr\/clg-georgeselisabeth\/index.php?rest_route=\/wp\/v2\/posts\/1268\/revisions"}],"predecessor-version":[{"id":1292,"href":"https:\/\/site.ac-martinique.fr\/clg-georgeselisabeth\/index.php?rest_route=\/wp\/v2\/posts\/1268\/revisions\/1292"}],"wp:attachment":[{"href":"https:\/\/site.ac-martinique.fr\/clg-georgeselisabeth\/index.php?rest_route=%2Fwp%2Fv2%2Fmedia&parent=1268"}],"wp:term":[{"taxonomy":"category","embeddable":true,"href":"https:\/\/site.ac-martinique.fr\/clg-georgeselisabeth\/index.php?rest_route=%2Fwp%2Fv2%2Fcategories&post=1268"},{"taxonomy":"post_tag","embeddable":true,"href":"https:\/\/site.ac-martinique.fr\/clg-georgeselisabeth\/index.php?rest_route=%2Fwp%2Fv2%2Ftags&post=1268"}],"curies":[{"name":"wp","href":"https:\/\/api.w.org\/{rel}","templated":true}]}}