{"id":2270,"date":"2018-10-10T12:36:07","date_gmt":"2018-10-10T16:36:07","guid":{"rendered":"\/clg-georgeselisabeth\/?p=2270"},"modified":"2018-10-10T12:36:07","modified_gmt":"2018-10-10T16:36:07","slug":"tres-important-les-elections-des-representants-de-parents-deleves","status":"publish","type":"post","link":"https:\/\/site.ac-martinique.fr\/clg-georgeselisabeth\/?p=2270","title":{"rendered":"TRES IMPORTANT : les \u00e9lections des repr\u00e9sentants de parents d&rsquo;\u00e9l\u00e8ves"},"content":{"rendered":"<p>Parents,<\/p>\n<p>La date des \u00e9lections des repr\u00e9sentants de parents d&rsquo;\u00e9l\u00e8ves au conseil d&rsquo;administration est fix\u00e9e au vendredi 12 octobre 2018 de 8h30 \u00e0 12h30 afin de respecter le calendrier national.<\/p>\n<p>Les votes par correspondance sont donc accept\u00e9s jusqu&rsquo;\u00e0 12h30 le vendredi 12 octobre.<\/p>\n<p>Nous nous excusons pour cette modification.<\/p>\n<p>Bien cordialement,<\/p>\n<p>Madame La Principale<\/p>\n","protected":false},"excerpt":{"rendered":"<p>Parents, La date des \u00e9lections des repr\u00e9sentants de parents d&rsquo;\u00e9l\u00e8ves au conseil d&rsquo;administration est fix\u00e9e au vendredi 12 octobre 2018 de 8h30 \u00e0 12h30 afin de respecter le calendrier national. Les votes par correspondance sont donc accept\u00e9s jusqu&rsquo;\u00e0 12h30 le &hellip; <a href=\"https:\/\/site.ac-martinique.fr\/clg-georgeselisabeth\/?p=2270\">Continuer la lecture <span class=\"meta-nav\">&rarr;<\/span><\/a><\/p>\n","protected":false},"author":142,"featured_media":0,"comment_status":"closed","ping_status":"closed","sticky":false,"template":"","format":"standard","meta":{"footnotes":""},"categories":[9],"tags":[],"class_list":["post-2270","post","type-post","status-publish","format-standard","hentry","category-notes-dinformations"],"_links":{"self":[{"href":"https:\/\/site.ac-martinique.fr\/clg-georgeselisabeth\/index.php?rest_route=\/wp\/v2\/posts\/2270","targetHints":{"allow":["GET"]}}],"collection":[{"href":"https:\/\/site.ac-martinique.fr\/clg-georgeselisabeth\/index.php?rest_route=\/wp\/v2\/posts"}],"about":[{"href":"https:\/\/site.ac-martinique.fr\/clg-georgeselisabeth\/index.php?rest_route=\/wp\/v2\/types\/post"}],"author":[{"embeddable":true,"href":"https:\/\/site.ac-martinique.fr\/clg-georgeselisabeth\/index.php?rest_route=\/wp\/v2\/users\/142"}],"replies":[{"embeddable":true,"href":"https:\/\/site.ac-martinique.fr\/clg-georgeselisabeth\/index.php?rest_route=%2Fwp%2Fv2%2Fcomments&post=2270"}],"version-history":[{"count":2,"href":"https:\/\/site.ac-martinique.fr\/clg-georgeselisabeth\/index.php?rest_route=\/wp\/v2\/posts\/2270\/revisions"}],"predecessor-version":[{"id":2272,"href":"https:\/\/site.ac-martinique.fr\/clg-georgeselisabeth\/index.php?rest_route=\/wp\/v2\/posts\/2270\/revisions\/2272"}],"wp:attachment":[{"href":"https:\/\/site.ac-martinique.fr\/clg-georgeselisabeth\/index.php?rest_route=%2Fwp%2Fv2%2Fmedia&parent=2270"}],"wp:term":[{"taxonomy":"category","embeddable":true,"href":"https:\/\/site.ac-martinique.fr\/clg-georgeselisabeth\/index.php?rest_route=%2Fwp%2Fv2%2Fcategories&post=2270"},{"taxonomy":"post_tag","embeddable":true,"href":"https:\/\/site.ac-martinique.fr\/clg-georgeselisabeth\/index.php?rest_route=%2Fwp%2Fv2%2Ftags&post=2270"}],"curies":[{"name":"wp","href":"https:\/\/api.w.org\/{rel}","templated":true}]}}