{"id":2285,"date":"2018-10-22T14:55:50","date_gmt":"2018-10-22T18:55:50","guid":{"rendered":"\/clg-georgeselisabeth\/?p=2285"},"modified":"2018-10-22T14:55:50","modified_gmt":"2018-10-22T18:55:50","slug":"article-15-usage-de-biens-personnels","status":"publish","type":"post","link":"https:\/\/site.ac-martinique.fr\/clg-georgeselisabeth\/?p=2285","title":{"rendered":"ARTICLE 15 : USAGE DE BIENS PERSONNELS"},"content":{"rendered":"<p>Parents,<\/p>\n<p>Nous vous informons qu&rsquo;un avenant de l&rsquo;article 15 du r\u00e8glement int\u00e9rieur sur la loi interdisant les t\u00e9l\u00e9phones portables dans les \u00e9coles et coll\u00e8ges a \u00e9t\u00e9 vot\u00e9 en conseil d&rsquo;administration extraordinaire le mardi 9 octobre 2018. Ce document a donc \u00e9t\u00e9 ajout\u00e9 dans les carnets de correspondance de vos enfants.<\/p>\n<p>Bonne lecture<\/p>\n<p>Bien cordialement<\/p>\n<p>P.LARENEY<\/p>\n<p>Principale Adjointe<\/p>\n<p><a href=\"\/clg-georgeselisabeth\/wp-content\/uploads\/sites\/58\/2018\/10\/DOC221018.jpg\"><img loading=\"lazy\" decoding=\"async\" class=\"aligncenter size-large wp-image-2286\" src=\"\/clg-georgeselisabeth\/wp-content\/uploads\/sites\/58\/2018\/10\/DOC221018-424x600.jpg\" alt=\"\" width=\"424\" height=\"600\" srcset=\"https:\/\/site.ac-martinique.fr\/clg-georgeselisabeth\/wp-content\/uploads\/sites\/58\/2018\/10\/DOC221018-424x600.jpg 424w, https:\/\/site.ac-martinique.fr\/clg-georgeselisabeth\/wp-content\/uploads\/sites\/58\/2018\/10\/DOC221018-212x300.jpg 212w, https:\/\/site.ac-martinique.fr\/clg-georgeselisabeth\/wp-content\/uploads\/sites\/58\/2018\/10\/DOC221018-768x1087.jpg 768w, https:\/\/site.ac-martinique.fr\/clg-georgeselisabeth\/wp-content\/uploads\/sites\/58\/2018\/10\/DOC221018.jpg 1653w\" sizes=\"auto, (max-width: 424px) 100vw, 424px\" \/><\/a><\/p>\n","protected":false},"excerpt":{"rendered":"<p>Parents, Nous vous informons qu&rsquo;un avenant de l&rsquo;article 15 du r\u00e8glement int\u00e9rieur sur la loi interdisant les t\u00e9l\u00e9phones portables dans les \u00e9coles et coll\u00e8ges a \u00e9t\u00e9 vot\u00e9 en conseil d&rsquo;administration extraordinaire le mardi 9 octobre 2018. Ce document a donc &hellip; <a href=\"https:\/\/site.ac-martinique.fr\/clg-georgeselisabeth\/?p=2285\">Continuer la lecture <span class=\"meta-nav\">&rarr;<\/span><\/a><\/p>\n","protected":false},"author":139,"featured_media":0,"comment_status":"closed","ping_status":"closed","sticky":false,"template":"","format":"standard","meta":{"footnotes":""},"categories":[9],"tags":[],"class_list":["post-2285","post","type-post","status-publish","format-standard","hentry","category-notes-dinformations"],"_links":{"self":[{"href":"https:\/\/site.ac-martinique.fr\/clg-georgeselisabeth\/index.php?rest_route=\/wp\/v2\/posts\/2285","targetHints":{"allow":["GET"]}}],"collection":[{"href":"https:\/\/site.ac-martinique.fr\/clg-georgeselisabeth\/index.php?rest_route=\/wp\/v2\/posts"}],"about":[{"href":"https:\/\/site.ac-martinique.fr\/clg-georgeselisabeth\/index.php?rest_route=\/wp\/v2\/types\/post"}],"author":[{"embeddable":true,"href":"https:\/\/site.ac-martinique.fr\/clg-georgeselisabeth\/index.php?rest_route=\/wp\/v2\/users\/139"}],"replies":[{"embeddable":true,"href":"https:\/\/site.ac-martinique.fr\/clg-georgeselisabeth\/index.php?rest_route=%2Fwp%2Fv2%2Fcomments&post=2285"}],"version-history":[{"count":2,"href":"https:\/\/site.ac-martinique.fr\/clg-georgeselisabeth\/index.php?rest_route=\/wp\/v2\/posts\/2285\/revisions"}],"predecessor-version":[{"id":2288,"href":"https:\/\/site.ac-martinique.fr\/clg-georgeselisabeth\/index.php?rest_route=\/wp\/v2\/posts\/2285\/revisions\/2288"}],"wp:attachment":[{"href":"https:\/\/site.ac-martinique.fr\/clg-georgeselisabeth\/index.php?rest_route=%2Fwp%2Fv2%2Fmedia&parent=2285"}],"wp:term":[{"taxonomy":"category","embeddable":true,"href":"https:\/\/site.ac-martinique.fr\/clg-georgeselisabeth\/index.php?rest_route=%2Fwp%2Fv2%2Fcategories&post=2285"},{"taxonomy":"post_tag","embeddable":true,"href":"https:\/\/site.ac-martinique.fr\/clg-georgeselisabeth\/index.php?rest_route=%2Fwp%2Fv2%2Ftags&post=2285"}],"curies":[{"name":"wp","href":"https:\/\/api.w.org\/{rel}","templated":true}]}}