{"id":3493,"date":"2023-12-11T14:49:43","date_gmt":"2023-12-11T18:49:43","guid":{"rendered":"https:\/\/site.ac-martinique.fr\/clg-georgeselisabeth\/?p=3493"},"modified":"2023-12-21T06:18:56","modified_gmt":"2023-12-21T10:18:56","slug":"concours-du-01-12-2023-au-30-mars-2024","status":"publish","type":"post","link":"https:\/\/site.ac-martinique.fr\/clg-georgeselisabeth\/?p=3493","title":{"rendered":"Concours MAD ART RECUP"},"content":{"rendered":"\n<figure class=\"wp-block-gallery has-nested-images columns-default is-cropped wp-block-gallery-1 is-layout-flex wp-block-gallery-is-layout-flex\">\n<figure class=\"wp-block-image size-large\"><img loading=\"lazy\" decoding=\"async\" width=\"363\" height=\"600\" data-id=\"3503\" src=\"https:\/\/site.ac-martinique.fr\/clg-georgeselisabeth\/wp-content\/uploads\/sites\/58\/2023\/12\/concours-363x600.png\" alt=\"\" class=\"wp-image-3503\" srcset=\"https:\/\/site.ac-martinique.fr\/clg-georgeselisabeth\/wp-content\/uploads\/sites\/58\/2023\/12\/concours-363x600.png 363w, https:\/\/site.ac-martinique.fr\/clg-georgeselisabeth\/wp-content\/uploads\/sites\/58\/2023\/12\/concours-181x300.png 181w, https:\/\/site.ac-martinique.fr\/clg-georgeselisabeth\/wp-content\/uploads\/sites\/58\/2023\/12\/concours.png 539w\" sizes=\"auto, (max-width: 363px) 100vw, 363px\" \/><\/figure>\n\n\n\n<figure class=\"wp-block-image size-large\"><img loading=\"lazy\" decoding=\"async\" width=\"363\" height=\"600\" data-id=\"3502\" src=\"https:\/\/site.ac-martinique.fr\/clg-georgeselisabeth\/wp-content\/uploads\/sites\/58\/2023\/12\/concours2-363x600.png\" alt=\"\" class=\"wp-image-3502\" srcset=\"https:\/\/site.ac-martinique.fr\/clg-georgeselisabeth\/wp-content\/uploads\/sites\/58\/2023\/12\/concours2-363x600.png 363w, https:\/\/site.ac-martinique.fr\/clg-georgeselisabeth\/wp-content\/uploads\/sites\/58\/2023\/12\/concours2-182x300.png 182w, https:\/\/site.ac-martinique.fr\/clg-georgeselisabeth\/wp-content\/uploads\/sites\/58\/2023\/12\/concours2.png 537w\" sizes=\"auto, (max-width: 363px) 100vw, 363px\" \/><\/figure>\n<\/figure>\n\n\n\n<div class=\"wp-block-file\"><a href=\"blob:https:\/\/site.ac-martinique.fr\/5b4e9e37-9cf7-4b1a-bc12-2a1f94098265\" class=\"wp-block-file__button wp-element-button\" download>T\u00e9l\u00e9charger<\/a><\/div>\n\n\n\n<figure class=\"wp-block-audio\"><audio controls src=\"https:\/\/site.ac-martinique.fr\/clg-georgeselisabeth\/wp-content\/uploads\/sites\/58\/2023\/12\/WhatsApp-Ptt-2023-12-10-at-21.16.40-1.ogg\"><\/audio><\/figure>\n\n\n\n<figure class=\"wp-block-audio\"><audio controls src=\"https:\/\/site.ac-martinique.fr\/clg-georgeselisabeth\/wp-content\/uploads\/sites\/58\/2023\/12\/WhatsApp-Ptt-2023-12-10-at-21.15.33.ogg\"><\/audio><\/figure>\n\n\n\n<p>REGLEMENT DU CONCOURS<\/p>\n\n\n\n<p><strong>Article 1er<\/strong> &#8211; OBJET DU CONCOURS<\/p>\n\n\n\n<p>Le Coll\u00e8ge Georges Elisabeth organise un concours intitul\u00e9<\/p>\n\n\n\n<p>&nbsp;&nbsp;&nbsp;&nbsp;&nbsp;&nbsp;&nbsp;&nbsp;&nbsp;&nbsp;&nbsp;&nbsp;&nbsp;&nbsp;&nbsp;&nbsp;&nbsp;&nbsp;&nbsp;&nbsp;&nbsp;&nbsp;&nbsp;&nbsp;&nbsp;&nbsp;&nbsp;&nbsp;&nbsp;&nbsp;&nbsp;&nbsp;&nbsp;&nbsp;&nbsp;&nbsp; <strong>\u00ab&nbsp;MadArt R\u00e9cup&nbsp;\u00bb<\/strong><\/p>\n\n\n\n<p>L\u2019id\u00e9e est de cr\u00e9er une \u0153uvre d\u2019art en utilisant diff\u00e9rents mat\u00e9riaux de r\u00e9cup\u00e9ration.<\/p>\n\n\n\n<p>Les objectifs sont de :<\/p>\n\n\n\n<p>&#8211; Sensibiliser \u00e0 la valorisation et au r\u00e9emploi des d\u00e9chets \u00e0 travers une action originale et artistique<\/p>\n\n\n\n<p>&nbsp;&#8211; Mettre en lumi\u00e8re et valoriser les artistes amateurs de la Communaut\u00e9 Educative<\/p>\n\n\n\n<p>&nbsp;Les inscriptions sont ouvertes \u00e0 partir du 01 D\u00e9cembre jusqu\u2019au 22 D\u00e9cembre 2023.<\/p>\n\n\n\n<p>&nbsp;Quant aux \u0153uvres, elles seront remises au plus tard le 1 Mars 2024.<\/p>\n\n\n\n<p><strong>Article 2 <\/strong>&#8211; CONDITIONS DE PARTICIPATION<\/p>\n\n\n\n<p>Ce concours s\u2019adresse \u00e0 <strong>tous les membres<\/strong> de la Communaut\u00e9 \u00e9ducative du Coll\u00e8ge.<\/p>\n\n\n\n<p><strong>Article 3 <\/strong>: THEME DU CONCOURS<\/p>\n\n\n\n<p>Le concours a pour th\u00e8me&nbsp;: concours libre mais bonus pour lien avec le patrimoine culturel de la Martinique.<\/p>\n\n\n\n<p><strong>Article 4 &#8211; <\/strong>MODALITES DU CONCOURS<\/p>\n\n\n\n<p>Les participants devront ensuite fabriquer une \u0153uvre \u00e0 partir de mat\u00e9riaux de r\u00e9cup\u00e9ration (d\u00e9chets recyclables, chutes de tissus, d\u00e9tournement de mat\u00e9riaux divers issus de la r\u00e9cup\u00e9ration\u2026).<\/p>\n\n\n\n<p>L\u2019\u0153uvre devra \u00eatre accompagn\u00e9e de la fiche descriptive fournie, expliquant la fa\u00e7on dont elle a \u00e9t\u00e9 r\u00e9alis\u00e9e (mat\u00e9riaux et techniques) et du rappel des coordonn\u00e9es compl\u00e8tes de ses auteurs.<\/p>\n\n\n\n<p><strong>Article 5<\/strong> \u2013 DETERMINATION DES GAGNANTS<\/p>\n\n\n\n<p>Un jury constitu\u00e9 d\u2019un artiste professionnel, d\u2019un \u00e9lu local, des membres de la cellule EDD et de professionnels de la valorisation des d\u00e9chets se r\u00e9unira durant la premi\u00e8re quinzaine de Mars 2024.<\/p>\n\n\n\n<p>Les crit\u00e8res de s\u00e9lection porteront sur l\u2019originalit\u00e9, la cr\u00e9ativit\u00e9, la qualit\u00e9 esth\u00e9tique et la p\u00e9dagogie (d\u00e9marche utilis\u00e9e).<\/p>\n\n\n\n<p>L\u2019\u0153uvre devra \u00eatre int\u00e9gralement con\u00e7ue avec des mat\u00e9riaux de r\u00e9cup\u00e9ration \u00e0 l\u2019exception des \u00e9l\u00e9ments permettant l\u2019assemblage (colle, agrafes, \u2026) et la customisation (peinture,\u2026)<\/p>\n\n\n\n<p>Le choix du jury sera souverain et ses d\u00e9cisions r\u00e9put\u00e9es sans appel.<\/p>\n","protected":false},"excerpt":{"rendered":"<p>REGLEMENT DU CONCOURS Article 1er &#8211; OBJET DU CONCOURS Le Coll\u00e8ge Georges Elisabeth organise un concours intitul\u00e9 &nbsp;&nbsp;&nbsp;&nbsp;&nbsp;&nbsp;&nbsp;&nbsp;&nbsp;&nbsp;&nbsp;&nbsp;&nbsp;&nbsp;&nbsp;&nbsp;&nbsp;&nbsp;&nbsp;&nbsp;&nbsp;&nbsp;&nbsp;&nbsp;&nbsp;&nbsp;&nbsp;&nbsp;&nbsp;&nbsp;&nbsp;&nbsp;&nbsp;&nbsp;&nbsp;&nbsp; \u00ab&nbsp;MadArt R\u00e9cup&nbsp;\u00bb L\u2019id\u00e9e est de cr\u00e9er une \u0153uvre d\u2019art en utilisant diff\u00e9rents mat\u00e9riaux de r\u00e9cup\u00e9ration. Les objectifs sont de : &#8211; Sensibiliser &hellip; <a href=\"https:\/\/site.ac-martinique.fr\/clg-georgeselisabeth\/?p=3493\">Continuer la lecture <span class=\"meta-nav\">&rarr;<\/span><\/a><\/p>\n","protected":false},"author":145,"featured_media":0,"comment_status":"closed","ping_status":"closed","sticky":false,"template":"","format":"standard","meta":{"footnotes":""},"categories":[9],"tags":[],"class_list":["post-3493","post","type-post","status-publish","format-standard","hentry","category-notes-dinformations"],"_links":{"self":[{"href":"https:\/\/site.ac-martinique.fr\/clg-georgeselisabeth\/index.php?rest_route=\/wp\/v2\/posts\/3493","targetHints":{"allow":["GET"]}}],"collection":[{"href":"https:\/\/site.ac-martinique.fr\/clg-georgeselisabeth\/index.php?rest_route=\/wp\/v2\/posts"}],"about":[{"href":"https:\/\/site.ac-martinique.fr\/clg-georgeselisabeth\/index.php?rest_route=\/wp\/v2\/types\/post"}],"author":[{"embeddable":true,"href":"https:\/\/site.ac-martinique.fr\/clg-georgeselisabeth\/index.php?rest_route=\/wp\/v2\/users\/145"}],"replies":[{"embeddable":true,"href":"https:\/\/site.ac-martinique.fr\/clg-georgeselisabeth\/index.php?rest_route=%2Fwp%2Fv2%2Fcomments&post=3493"}],"version-history":[{"count":5,"href":"https:\/\/site.ac-martinique.fr\/clg-georgeselisabeth\/index.php?rest_route=\/wp\/v2\/posts\/3493\/revisions"}],"predecessor-version":[{"id":3509,"href":"https:\/\/site.ac-martinique.fr\/clg-georgeselisabeth\/index.php?rest_route=\/wp\/v2\/posts\/3493\/revisions\/3509"}],"wp:attachment":[{"href":"https:\/\/site.ac-martinique.fr\/clg-georgeselisabeth\/index.php?rest_route=%2Fwp%2Fv2%2Fmedia&parent=3493"}],"wp:term":[{"taxonomy":"category","embeddable":true,"href":"https:\/\/site.ac-martinique.fr\/clg-georgeselisabeth\/index.php?rest_route=%2Fwp%2Fv2%2Fcategories&post=3493"},{"taxonomy":"post_tag","embeddable":true,"href":"https:\/\/site.ac-martinique.fr\/clg-georgeselisabeth\/index.php?rest_route=%2Fwp%2Fv2%2Ftags&post=3493"}],"curies":[{"name":"wp","href":"https:\/\/api.w.org\/{rel}","templated":true}]}}