{"id":3869,"date":"2025-02-11T19:33:39","date_gmt":"2025-02-11T23:33:39","guid":{"rendered":"https:\/\/site.ac-martinique.fr\/clg-georgeselisabeth\/?p=3869"},"modified":"2025-02-19T17:54:07","modified_gmt":"2025-02-19T21:54:07","slug":"une-journee-chant-theatre-et-musique","status":"publish","type":"post","link":"https:\/\/site.ac-martinique.fr\/clg-georgeselisabeth\/?p=3869","title":{"rendered":"Une journ\u00e9e chant th\u00e9\u00e2tre et musique&#8230;"},"content":{"rendered":"\n<p>Aujourd\u2019hui, les \u00e9l\u00e8ves de 6\u00b0A et de chant chorale ont particip\u00e9 au coll\u00e8ge Fernand Donatien \u00e0 une journ\u00e9e autour du chant, du th\u00e9\u00e2tre et de la danse dans le cadre de du projet acad\u00e9mique Eiffel.<\/p>\n\n\n\n<p>Le projet EIFFEL est un projet disciplinaire d\u2019\u00e9ducation Musicale et chant choral.&nbsp;<\/p>\n\n\n\n<p>Ce projet d\u2019envergure regroupe 7 \u00e9tablissements de l\u2019acad\u00e9mie de Martinique autour du chant, du th\u00e9\u00e2tre et de la danse.&nbsp;<\/p>\n\n\n\n<p>Ce f\u00fbt une journ\u00e9e pleine de dur labeur et de belles harmonies.&nbsp;<\/p>\n\n\n\n<p>C\u2019est une exp\u00e9rience singuli\u00e8re dans la scolarit\u00e9 des \u00e9l\u00e8ves de l\u2019\u00e9tablissement.<\/p>\n\n\n\n<p>Bravo \u00e0 tous les participants et leurs accompagnants, tout particuli\u00e8rement Madame JANICKI qui est \u00e0 l&rsquo;origine de la participation du coll\u00e8ge \u00e0 ce projet. <\/p>\n\n\n\n<figure class=\"wp-block-gallery has-nested-images columns-default is-cropped wp-block-gallery-1 is-layout-flex wp-block-gallery-is-layout-flex\">\n<figure class=\"wp-block-image size-large\"><img loading=\"lazy\" decoding=\"async\" width=\"600\" height=\"450\" data-id=\"3871\" src=\"https:\/\/site.ac-martinique.fr\/clg-georgeselisabeth\/wp-content\/uploads\/sites\/58\/2025\/02\/4bbf9d6b-d346-4331-bab1-d5b21d76953e-600x450.jpeg\" alt=\"\" class=\"wp-image-3871\" srcset=\"https:\/\/site.ac-martinique.fr\/clg-georgeselisabeth\/wp-content\/uploads\/sites\/58\/2025\/02\/4bbf9d6b-d346-4331-bab1-d5b21d76953e-600x450.jpeg 600w, https:\/\/site.ac-martinique.fr\/clg-georgeselisabeth\/wp-content\/uploads\/sites\/58\/2025\/02\/4bbf9d6b-d346-4331-bab1-d5b21d76953e-300x225.jpeg 300w, https:\/\/site.ac-martinique.fr\/clg-georgeselisabeth\/wp-content\/uploads\/sites\/58\/2025\/02\/4bbf9d6b-d346-4331-bab1-d5b21d76953e-768x576.jpeg 768w, https:\/\/site.ac-martinique.fr\/clg-georgeselisabeth\/wp-content\/uploads\/sites\/58\/2025\/02\/4bbf9d6b-d346-4331-bab1-d5b21d76953e-1536x1152.jpeg 1536w, https:\/\/site.ac-martinique.fr\/clg-georgeselisabeth\/wp-content\/uploads\/sites\/58\/2025\/02\/4bbf9d6b-d346-4331-bab1-d5b21d76953e.jpeg 1600w\" sizes=\"auto, (max-width: 600px) 100vw, 600px\" \/><\/figure>\n\n\n\n<figure class=\"wp-block-image size-large\"><img loading=\"lazy\" decoding=\"async\" width=\"450\" height=\"600\" data-id=\"3872\" src=\"https:\/\/site.ac-martinique.fr\/clg-georgeselisabeth\/wp-content\/uploads\/sites\/58\/2025\/02\/0e5b025d-5e1d-48a9-ae13-496042631f1d-450x600.jpeg\" alt=\"\" class=\"wp-image-3872\" srcset=\"https:\/\/site.ac-martinique.fr\/clg-georgeselisabeth\/wp-content\/uploads\/sites\/58\/2025\/02\/0e5b025d-5e1d-48a9-ae13-496042631f1d-450x600.jpeg 450w, https:\/\/site.ac-martinique.fr\/clg-georgeselisabeth\/wp-content\/uploads\/sites\/58\/2025\/02\/0e5b025d-5e1d-48a9-ae13-496042631f1d-225x300.jpeg 225w, https:\/\/site.ac-martinique.fr\/clg-georgeselisabeth\/wp-content\/uploads\/sites\/58\/2025\/02\/0e5b025d-5e1d-48a9-ae13-496042631f1d-768x1024.jpeg 768w, https:\/\/site.ac-martinique.fr\/clg-georgeselisabeth\/wp-content\/uploads\/sites\/58\/2025\/02\/0e5b025d-5e1d-48a9-ae13-496042631f1d-1152x1536.jpeg 1152w, https:\/\/site.ac-martinique.fr\/clg-georgeselisabeth\/wp-content\/uploads\/sites\/58\/2025\/02\/0e5b025d-5e1d-48a9-ae13-496042631f1d.jpeg 1200w\" sizes=\"auto, (max-width: 450px) 100vw, 450px\" \/><\/figure>\n\n\n\n<figure class=\"wp-block-image size-large\"><img loading=\"lazy\" decoding=\"async\" width=\"450\" height=\"600\" data-id=\"3870\" src=\"https:\/\/site.ac-martinique.fr\/clg-georgeselisabeth\/wp-content\/uploads\/sites\/58\/2025\/02\/e04d2527-b994-4d91-ad21-b067c8a6869c-450x600.jpeg\" alt=\"\" class=\"wp-image-3870\" srcset=\"https:\/\/site.ac-martinique.fr\/clg-georgeselisabeth\/wp-content\/uploads\/sites\/58\/2025\/02\/e04d2527-b994-4d91-ad21-b067c8a6869c-450x600.jpeg 450w, https:\/\/site.ac-martinique.fr\/clg-georgeselisabeth\/wp-content\/uploads\/sites\/58\/2025\/02\/e04d2527-b994-4d91-ad21-b067c8a6869c-225x300.jpeg 225w, https:\/\/site.ac-martinique.fr\/clg-georgeselisabeth\/wp-content\/uploads\/sites\/58\/2025\/02\/e04d2527-b994-4d91-ad21-b067c8a6869c-768x1024.jpeg 768w, https:\/\/site.ac-martinique.fr\/clg-georgeselisabeth\/wp-content\/uploads\/sites\/58\/2025\/02\/e04d2527-b994-4d91-ad21-b067c8a6869c-1152x1536.jpeg 1152w, https:\/\/site.ac-martinique.fr\/clg-georgeselisabeth\/wp-content\/uploads\/sites\/58\/2025\/02\/e04d2527-b994-4d91-ad21-b067c8a6869c.jpeg 1200w\" sizes=\"auto, (max-width: 450px) 100vw, 450px\" \/><\/figure>\n<\/figure>\n","protected":false},"excerpt":{"rendered":"<p>Aujourd\u2019hui, les \u00e9l\u00e8ves de 6\u00b0A et de chant chorale ont particip\u00e9 au coll\u00e8ge Fernand Donatien \u00e0 une journ\u00e9e autour du chant, du th\u00e9\u00e2tre et de la danse dans le cadre de du projet acad\u00e9mique Eiffel. Le projet EIFFEL est un &hellip; <a href=\"https:\/\/site.ac-martinique.fr\/clg-georgeselisabeth\/?p=3869\">Continuer la lecture <span class=\"meta-nav\">&rarr;<\/span><\/a><\/p>\n","protected":false},"author":540,"featured_media":0,"comment_status":"closed","ping_status":"closed","sticky":false,"template":"","format":"standard","meta":{"footnotes":""},"categories":[9],"tags":[],"class_list":["post-3869","post","type-post","status-publish","format-standard","hentry","category-notes-dinformations"],"_links":{"self":[{"href":"https:\/\/site.ac-martinique.fr\/clg-georgeselisabeth\/index.php?rest_route=\/wp\/v2\/posts\/3869","targetHints":{"allow":["GET"]}}],"collection":[{"href":"https:\/\/site.ac-martinique.fr\/clg-georgeselisabeth\/index.php?rest_route=\/wp\/v2\/posts"}],"about":[{"href":"https:\/\/site.ac-martinique.fr\/clg-georgeselisabeth\/index.php?rest_route=\/wp\/v2\/types\/post"}],"author":[{"embeddable":true,"href":"https:\/\/site.ac-martinique.fr\/clg-georgeselisabeth\/index.php?rest_route=\/wp\/v2\/users\/540"}],"replies":[{"embeddable":true,"href":"https:\/\/site.ac-martinique.fr\/clg-georgeselisabeth\/index.php?rest_route=%2Fwp%2Fv2%2Fcomments&post=3869"}],"version-history":[{"count":2,"href":"https:\/\/site.ac-martinique.fr\/clg-georgeselisabeth\/index.php?rest_route=\/wp\/v2\/posts\/3869\/revisions"}],"predecessor-version":[{"id":3880,"href":"https:\/\/site.ac-martinique.fr\/clg-georgeselisabeth\/index.php?rest_route=\/wp\/v2\/posts\/3869\/revisions\/3880"}],"wp:attachment":[{"href":"https:\/\/site.ac-martinique.fr\/clg-georgeselisabeth\/index.php?rest_route=%2Fwp%2Fv2%2Fmedia&parent=3869"}],"wp:term":[{"taxonomy":"category","embeddable":true,"href":"https:\/\/site.ac-martinique.fr\/clg-georgeselisabeth\/index.php?rest_route=%2Fwp%2Fv2%2Fcategories&post=3869"},{"taxonomy":"post_tag","embeddable":true,"href":"https:\/\/site.ac-martinique.fr\/clg-georgeselisabeth\/index.php?rest_route=%2Fwp%2Fv2%2Ftags&post=3869"}],"curies":[{"name":"wp","href":"https:\/\/api.w.org\/{rel}","templated":true}]}}