{"id":4207,"date":"2026-03-11T15:20:44","date_gmt":"2026-03-11T19:20:44","guid":{"rendered":"https:\/\/site.ac-martinique.fr\/clg-georgeselisabeth\/?p=4207"},"modified":"2026-03-11T15:20:44","modified_gmt":"2026-03-11T19:20:44","slug":"8-mars-la-journee-internationale-des-femmes","status":"publish","type":"post","link":"https:\/\/site.ac-martinique.fr\/clg-georgeselisabeth\/?p=4207","title":{"rendered":"8 Mars, la journ\u00e9e internationale des FEMMES"},"content":{"rendered":"\n<p>L&rsquo;\u00e9galit\u00e9 entre les Filles et les Gar\u00e7ons vu par les \u00e9l\u00e8ves de 5\u00b0C et D et les \u00e9l\u00e8ves de 4\u00b0C et D.<\/p>\n\n\n\n<figure class=\"wp-block-image size-large\"><img loading=\"lazy\" decoding=\"async\" width=\"600\" height=\"426\" src=\"https:\/\/site.ac-martinique.fr\/clg-georgeselisabeth\/wp-content\/uploads\/sites\/58\/2026\/03\/Egalite-FG-600x426.png\" alt=\"\" class=\"wp-image-4208\" srcset=\"https:\/\/site.ac-martinique.fr\/clg-georgeselisabeth\/wp-content\/uploads\/sites\/58\/2026\/03\/Egalite-FG-600x426.png 600w, https:\/\/site.ac-martinique.fr\/clg-georgeselisabeth\/wp-content\/uploads\/sites\/58\/2026\/03\/Egalite-FG-300x213.png 300w, https:\/\/site.ac-martinique.fr\/clg-georgeselisabeth\/wp-content\/uploads\/sites\/58\/2026\/03\/Egalite-FG-768x545.png 768w, https:\/\/site.ac-martinique.fr\/clg-georgeselisabeth\/wp-content\/uploads\/sites\/58\/2026\/03\/Egalite-FG.png 1254w\" sizes=\"auto, (max-width: 600px) 100vw, 600px\" \/><\/figure>\n","protected":false},"excerpt":{"rendered":"<p>L&rsquo;\u00e9galit\u00e9 entre les Filles et les Gar\u00e7ons vu par les \u00e9l\u00e8ves de 5\u00b0C et D et les \u00e9l\u00e8ves de 4\u00b0C et D.<\/p>\n","protected":false},"author":540,"featured_media":0,"comment_status":"closed","ping_status":"closed","sticky":false,"template":"","format":"standard","meta":{"footnotes":""},"categories":[9],"tags":[],"class_list":["post-4207","post","type-post","status-publish","format-standard","hentry","category-notes-dinformations"],"_links":{"self":[{"href":"https:\/\/site.ac-martinique.fr\/clg-georgeselisabeth\/index.php?rest_route=\/wp\/v2\/posts\/4207","targetHints":{"allow":["GET"]}}],"collection":[{"href":"https:\/\/site.ac-martinique.fr\/clg-georgeselisabeth\/index.php?rest_route=\/wp\/v2\/posts"}],"about":[{"href":"https:\/\/site.ac-martinique.fr\/clg-georgeselisabeth\/index.php?rest_route=\/wp\/v2\/types\/post"}],"author":[{"embeddable":true,"href":"https:\/\/site.ac-martinique.fr\/clg-georgeselisabeth\/index.php?rest_route=\/wp\/v2\/users\/540"}],"replies":[{"embeddable":true,"href":"https:\/\/site.ac-martinique.fr\/clg-georgeselisabeth\/index.php?rest_route=%2Fwp%2Fv2%2Fcomments&post=4207"}],"version-history":[{"count":1,"href":"https:\/\/site.ac-martinique.fr\/clg-georgeselisabeth\/index.php?rest_route=\/wp\/v2\/posts\/4207\/revisions"}],"predecessor-version":[{"id":4209,"href":"https:\/\/site.ac-martinique.fr\/clg-georgeselisabeth\/index.php?rest_route=\/wp\/v2\/posts\/4207\/revisions\/4209"}],"wp:attachment":[{"href":"https:\/\/site.ac-martinique.fr\/clg-georgeselisabeth\/index.php?rest_route=%2Fwp%2Fv2%2Fmedia&parent=4207"}],"wp:term":[{"taxonomy":"category","embeddable":true,"href":"https:\/\/site.ac-martinique.fr\/clg-georgeselisabeth\/index.php?rest_route=%2Fwp%2Fv2%2Fcategories&post=4207"},{"taxonomy":"post_tag","embeddable":true,"href":"https:\/\/site.ac-martinique.fr\/clg-georgeselisabeth\/index.php?rest_route=%2Fwp%2Fv2%2Ftags&post=4207"}],"curies":[{"name":"wp","href":"https:\/\/api.w.org\/{rel}","templated":true}]}}