{"id":1645,"date":"2016-11-30T20:02:39","date_gmt":"2016-12-01T00:02:39","guid":{"rendered":"https:\/\/site.ac-martinique.fr\/clg-gerardcafe\/?p=1645"},"modified":"2021-02-25T14:54:21","modified_gmt":"2021-02-25T18:54:21","slug":"championnat-unss-basket","status":"publish","type":"post","link":"https:\/\/site.ac-martinique.fr\/clg-gerardcafe\/2016\/11\/30\/championnat-unss-basket\/","title":{"rendered":"11-2016 \/ Championnat UNSS Basket \/ Annul\u00e9 et Report\u00e9"},"content":{"rendered":"<p>La 2\u00e8me journ\u00e9e de Championnat UNSS Basket pr\u00e9vue au Lamentin a \u00e9t\u00e9 annul\u00e9e mercredi 30 novembre \u00e0 cause des fortes pluies. Elle sera report\u00e9e ult\u00e9rieurement.<\/p>\n<p><a href=\"\/clg-gerardcafe\/wp-content\/uploads\/sites\/78\/2016\/11\/111.png\" rel=\"attachment wp-att-1647\"><img loading=\"lazy\" decoding=\"async\" class=\"alignnone size-medium wp-image-1647\" src=\"\/clg-gerardcafe\/wp-content\/uploads\/sites\/78\/2016\/11\/111-210x300.png\" alt=\"111\" width=\"210\" height=\"300\" srcset=\"https:\/\/site.ac-martinique.fr\/clg-gerardcafe\/wp-content\/uploads\/sites\/78\/2016\/11\/111-210x300.png 210w, https:\/\/site.ac-martinique.fr\/clg-gerardcafe\/wp-content\/uploads\/sites\/78\/2016\/11\/111-510x729.png 510w, https:\/\/site.ac-martinique.fr\/clg-gerardcafe\/wp-content\/uploads\/sites\/78\/2016\/11\/111-105x150.png 105w, https:\/\/site.ac-martinique.fr\/clg-gerardcafe\/wp-content\/uploads\/sites\/78\/2016\/11\/111.png 518w\" sizes=\"auto, (max-width: 210px) 100vw, 210px\" \/><\/a><\/p>\n","protected":false},"excerpt":{"rendered":"<p>La 2\u00e8me journ\u00e9e de Championnat UNSS Basket pr\u00e9vue au Lamentin a \u00e9t\u00e9 annul\u00e9e mercredi 30 <a class=\"continue-reading-link\" href=\"https:\/\/site.ac-martinique.fr\/clg-gerardcafe\/2016\/11\/30\/championnat-unss-basket\/\">lire plus <span class=\"meta-nav\">&rarr; <\/span><\/a><\/p>\n","protected":false},"author":210,"featured_media":0,"comment_status":"closed","ping_status":"closed","sticky":false,"template":"","format":"standard","meta":{"footnotes":""},"categories":[144],"tags":[],"class_list":["post-1645","post","type-post","status-publish","format-standard","hentry","category-assocation-sportive"],"_links":{"self":[{"href":"https:\/\/site.ac-martinique.fr\/clg-gerardcafe\/wp-json\/wp\/v2\/posts\/1645","targetHints":{"allow":["GET"]}}],"collection":[{"href":"https:\/\/site.ac-martinique.fr\/clg-gerardcafe\/wp-json\/wp\/v2\/posts"}],"about":[{"href":"https:\/\/site.ac-martinique.fr\/clg-gerardcafe\/wp-json\/wp\/v2\/types\/post"}],"author":[{"embeddable":true,"href":"https:\/\/site.ac-martinique.fr\/clg-gerardcafe\/wp-json\/wp\/v2\/users\/210"}],"replies":[{"embeddable":true,"href":"https:\/\/site.ac-martinique.fr\/clg-gerardcafe\/wp-json\/wp\/v2\/comments?post=1645"}],"version-history":[{"count":3,"href":"https:\/\/site.ac-martinique.fr\/clg-gerardcafe\/wp-json\/wp\/v2\/posts\/1645\/revisions"}],"predecessor-version":[{"id":2078,"href":"https:\/\/site.ac-martinique.fr\/clg-gerardcafe\/wp-json\/wp\/v2\/posts\/1645\/revisions\/2078"}],"wp:attachment":[{"href":"https:\/\/site.ac-martinique.fr\/clg-gerardcafe\/wp-json\/wp\/v2\/media?parent=1645"}],"wp:term":[{"taxonomy":"category","embeddable":true,"href":"https:\/\/site.ac-martinique.fr\/clg-gerardcafe\/wp-json\/wp\/v2\/categories?post=1645"},{"taxonomy":"post_tag","embeddable":true,"href":"https:\/\/site.ac-martinique.fr\/clg-gerardcafe\/wp-json\/wp\/v2\/tags?post=1645"}],"curies":[{"name":"wp","href":"https:\/\/api.w.org\/{rel}","templated":true}]}}