{"id":2325,"date":"2017-03-07T11:42:54","date_gmt":"2017-03-07T15:42:54","guid":{"rendered":"https:\/\/site.ac-martinique.fr\/clg-gerardcafe\/?p=2325"},"modified":"2021-02-25T14:54:06","modified_gmt":"2021-02-25T18:54:06","slug":"allons-enfants-de-la-patriiiiiiiiiiie","status":"publish","type":"post","link":"https:\/\/site.ac-martinique.fr\/clg-gerardcafe\/2017\/03\/07\/allons-enfants-de-la-patriiiiiiiiiiie\/","title":{"rendered":"Allons enfants de la Patriiiiiiiiiiie !"},"content":{"rendered":"<p>Libert\u00e9, Egalit\u00e9, Fraternit\u00e9, plus que des mots, des valeurs qui font la France. Pour faire (re)d\u00e9couvrir aux enfants, aux jeunes et aux moins jeunes le sens de notre devise nationale, le Gouvernement lance une campagne sur les valeurs r\u00e9publicaines.<\/p>\n<p><strong><span style=\"color: green;\">Acc\u00e9dez au site de cette campagne en cliquant sur l&#8217;affiche !<\/span><\/strong><\/p>\n<p>&nbsp;<\/p>\n<p><a href=\"http:\/\/www.gouvernement.fr\/liberte-egalite-fraternite\" target=\"_blank\" rel=\"noopener noreferrer\"><img loading=\"lazy\" decoding=\"async\" class=\"aligncenter wp-image-2589 size-full\" src=\"\/clg-gerardcafe\/wp-content\/uploads\/sites\/78\/2017\/03\/la-r\u00e9publique2bis.png\" alt=\"la-r\u00e9publique2bis\" width=\"954\" height=\"262\" srcset=\"https:\/\/site.ac-martinique.fr\/clg-gerardcafe\/wp-content\/uploads\/sites\/78\/2017\/03\/la-r\u00e9publique2bis.png 954w, https:\/\/site.ac-martinique.fr\/clg-gerardcafe\/wp-content\/uploads\/sites\/78\/2017\/03\/la-r\u00e9publique2bis-300x82.png 300w, https:\/\/site.ac-martinique.fr\/clg-gerardcafe\/wp-content\/uploads\/sites\/78\/2017\/03\/la-r\u00e9publique2bis-768x211.png 768w, https:\/\/site.ac-martinique.fr\/clg-gerardcafe\/wp-content\/uploads\/sites\/78\/2017\/03\/la-r\u00e9publique2bis-510x140.png 510w, https:\/\/site.ac-martinique.fr\/clg-gerardcafe\/wp-content\/uploads\/sites\/78\/2017\/03\/la-r\u00e9publique2bis-150x41.png 150w\" sizes=\"auto, (max-width: 954px) 100vw, 954px\" \/><\/a><\/p>\n","protected":false},"excerpt":{"rendered":"<p>Libert\u00e9, Egalit\u00e9, Fraternit\u00e9, plus que des mots, des valeurs qui font la France. Pour faire <a class=\"continue-reading-link\" href=\"https:\/\/site.ac-martinique.fr\/clg-gerardcafe\/2017\/03\/07\/allons-enfants-de-la-patriiiiiiiiiiie\/\">lire plus <span class=\"meta-nav\">&rarr; <\/span><\/a><\/p>\n","protected":false},"author":210,"featured_media":2589,"comment_status":"closed","ping_status":"closed","sticky":false,"template":"","format":"standard","meta":{"footnotes":""},"categories":[155],"tags":[],"class_list":["post-2325","post","type-post","status-publish","format-standard","has-post-thumbnail","hentry","category-en-peripherie"],"_links":{"self":[{"href":"https:\/\/site.ac-martinique.fr\/clg-gerardcafe\/wp-json\/wp\/v2\/posts\/2325","targetHints":{"allow":["GET"]}}],"collection":[{"href":"https:\/\/site.ac-martinique.fr\/clg-gerardcafe\/wp-json\/wp\/v2\/posts"}],"about":[{"href":"https:\/\/site.ac-martinique.fr\/clg-gerardcafe\/wp-json\/wp\/v2\/types\/post"}],"author":[{"embeddable":true,"href":"https:\/\/site.ac-martinique.fr\/clg-gerardcafe\/wp-json\/wp\/v2\/users\/210"}],"replies":[{"embeddable":true,"href":"https:\/\/site.ac-martinique.fr\/clg-gerardcafe\/wp-json\/wp\/v2\/comments?post=2325"}],"version-history":[{"count":6,"href":"https:\/\/site.ac-martinique.fr\/clg-gerardcafe\/wp-json\/wp\/v2\/posts\/2325\/revisions"}],"predecessor-version":[{"id":5755,"href":"https:\/\/site.ac-martinique.fr\/clg-gerardcafe\/wp-json\/wp\/v2\/posts\/2325\/revisions\/5755"}],"wp:featuredmedia":[{"embeddable":true,"href":"https:\/\/site.ac-martinique.fr\/clg-gerardcafe\/wp-json\/wp\/v2\/media\/2589"}],"wp:attachment":[{"href":"https:\/\/site.ac-martinique.fr\/clg-gerardcafe\/wp-json\/wp\/v2\/media?parent=2325"}],"wp:term":[{"taxonomy":"category","embeddable":true,"href":"https:\/\/site.ac-martinique.fr\/clg-gerardcafe\/wp-json\/wp\/v2\/categories?post=2325"},{"taxonomy":"post_tag","embeddable":true,"href":"https:\/\/site.ac-martinique.fr\/clg-gerardcafe\/wp-json\/wp\/v2\/tags?post=2325"}],"curies":[{"name":"wp","href":"https:\/\/api.w.org\/{rel}","templated":true}]}}