{"id":2835,"date":"2017-05-10T10:41:59","date_gmt":"2017-05-10T14:41:59","guid":{"rendered":"https:\/\/site.ac-martinique.fr\/clg-gerardcafe\/?p=2835"},"modified":"2021-02-25T14:54:06","modified_gmt":"2021-02-25T18:54:06","slug":"les-eleves-de-6e-s-filment-un-metier-qui-leur-plait","status":"publish","type":"post","link":"https:\/\/site.ac-martinique.fr\/clg-gerardcafe\/2017\/05\/10\/les-eleves-de-6e-s-filment-un-metier-qui-leur-plait\/","title":{"rendered":"Les \u00e9l\u00e8ves de 6e S  filment un m\u00e9tier qui leur pla\u00eet"},"content":{"rendered":"<p><img loading=\"lazy\" decoding=\"async\" class=\"size-full wp-image-2844 aligncenter\" src=\"\/clg-gerardcafe\/wp-content\/uploads\/sites\/78\/2017\/05\/jefilmelemetierquimeplait.jpg\" alt=\"jefilmelemetierquimeplait\" width=\"1100\" height=\"207\" srcset=\"https:\/\/site.ac-martinique.fr\/clg-gerardcafe\/wp-content\/uploads\/sites\/78\/2017\/05\/jefilmelemetierquimeplait.jpg 1100w, https:\/\/site.ac-martinique.fr\/clg-gerardcafe\/wp-content\/uploads\/sites\/78\/2017\/05\/jefilmelemetierquimeplait-300x56.jpg 300w, https:\/\/site.ac-martinique.fr\/clg-gerardcafe\/wp-content\/uploads\/sites\/78\/2017\/05\/jefilmelemetierquimeplait-768x145.jpg 768w, https:\/\/site.ac-martinique.fr\/clg-gerardcafe\/wp-content\/uploads\/sites\/78\/2017\/05\/jefilmelemetierquimeplait-510x96.jpg 510w, https:\/\/site.ac-martinique.fr\/clg-gerardcafe\/wp-content\/uploads\/sites\/78\/2017\/05\/jefilmelemetierquimeplait-150x28.jpg 150w\" sizes=\"auto, (max-width: 1100px) 100vw, 1100px\" \/><\/p>\n<p>Le concours \u00ab<strong>\u00a0Je filme le m\u00e9tier qui me pla\u00eet\u00a0<\/strong>\u00bb a \u00e9t\u00e9 mis en place pour sensibiliser les coll\u00e9giens, \u00a0lyc\u00e9ens et \u00e9tudiants, dans le cadre de leur orientation, \u00a0au monde du travail ainsi qu\u2019aux diff\u00e9rentes repr\u00e9sentations qu\u2019ils ont des m\u00e9tiers.<\/p>\n<p>R\u00e9aliser un reportage vid\u00e9o d\u2019une dur\u00e9e de 3 minutes\u00a0maximum, du sc\u00e9nario au montage, repr\u00e9sente en effet l\u2019outil id\u00e9al d\u2019appropriation d\u2019un contenu. Ici, pas de copier\/coller possible : il faut \u00a0enqu\u00eater, comprendre, reformuler, synth\u00e9tiser, faire exprimer, restituer, sugg\u00e9rer.<\/p>\n<p>Les \u00e9l\u00e8ves de la SEGPA du Marin, et leurs professeurs Yannick Martin, J\u00e9rome Labastie et Bruno Taill\u00e9 ont donc planch\u00e9 sur une th\u00e9matique et sont aujourd&#8217;hui heureux de vous pr\u00e9senter leur film,<strong> &#8221;\u00a0<a href=\"http:\/\/www.jefilmelemetierquimeplait.tv\/selection-officielle\/session-2017\/agent-de-quai-un-metier-qui-me-plait\/prl31_jf17_752.html\" target=\"_blank\" rel=\"noopener noreferrer\">Agent de quai, un m\u00e9tier qui me plait<\/a> &#8221;. &lt;&lt;&lt;&lt;&lt;&lt;&lt; (cliquez sur le titre pour voir la vid\u00e9o)<\/strong><\/p>\n<p>La r\u00e9compense ultime pour la meilleure r\u00e9alisation toutes cat\u00e9gories confondues, le\u00a0<em><strong>CLAP DE DIAMANT<\/strong><\/em>,<strong>\u00a0<\/strong>sera remis par le pr\u00e9sident du jury\u00a0<strong>Costa Gavras, <\/strong>cin\u00e9aste,<strong>\u00a0<\/strong>au Grand Rex \u00e0 Paris le 23 mai prochain.<\/p>\n<p>En attendant, vendredi 12 mai \u00e0\u00a010h30, les \u00e9l\u00e8ves de SEGPA iront projeter leur film \u00e0 l&#8217;Office du Tourisme du Marin et ainsi f\u00eater leur s\u00e9lection au concours.<\/p>\n","protected":false},"excerpt":{"rendered":"<p>Le concours \u00ab\u00a0Je filme le m\u00e9tier qui me pla\u00eet\u00a0\u00bb a \u00e9t\u00e9 mis en place pour <a class=\"continue-reading-link\" href=\"https:\/\/site.ac-martinique.fr\/clg-gerardcafe\/2017\/05\/10\/les-eleves-de-6e-s-filment-un-metier-qui-leur-plait\/\">lire plus <span class=\"meta-nav\">&rarr; <\/span><\/a><\/p>\n","protected":false},"author":210,"featured_media":2838,"comment_status":"closed","ping_status":"closed","sticky":false,"template":"","format":"standard","meta":{"footnotes":""},"categories":[138],"tags":[],"class_list":["post-2835","post","type-post","status-publish","format-standard","has-post-thumbnail","hentry","category-projets-actions"],"_links":{"self":[{"href":"https:\/\/site.ac-martinique.fr\/clg-gerardcafe\/wp-json\/wp\/v2\/posts\/2835","targetHints":{"allow":["GET"]}}],"collection":[{"href":"https:\/\/site.ac-martinique.fr\/clg-gerardcafe\/wp-json\/wp\/v2\/posts"}],"about":[{"href":"https:\/\/site.ac-martinique.fr\/clg-gerardcafe\/wp-json\/wp\/v2\/types\/post"}],"author":[{"embeddable":true,"href":"https:\/\/site.ac-martinique.fr\/clg-gerardcafe\/wp-json\/wp\/v2\/users\/210"}],"replies":[{"embeddable":true,"href":"https:\/\/site.ac-martinique.fr\/clg-gerardcafe\/wp-json\/wp\/v2\/comments?post=2835"}],"version-history":[{"count":7,"href":"https:\/\/site.ac-martinique.fr\/clg-gerardcafe\/wp-json\/wp\/v2\/posts\/2835\/revisions"}],"predecessor-version":[{"id":5748,"href":"https:\/\/site.ac-martinique.fr\/clg-gerardcafe\/wp-json\/wp\/v2\/posts\/2835\/revisions\/5748"}],"wp:featuredmedia":[{"embeddable":true,"href":"https:\/\/site.ac-martinique.fr\/clg-gerardcafe\/wp-json\/wp\/v2\/media\/2838"}],"wp:attachment":[{"href":"https:\/\/site.ac-martinique.fr\/clg-gerardcafe\/wp-json\/wp\/v2\/media?parent=2835"}],"wp:term":[{"taxonomy":"category","embeddable":true,"href":"https:\/\/site.ac-martinique.fr\/clg-gerardcafe\/wp-json\/wp\/v2\/categories?post=2835"},{"taxonomy":"post_tag","embeddable":true,"href":"https:\/\/site.ac-martinique.fr\/clg-gerardcafe\/wp-json\/wp\/v2\/tags?post=2835"}],"curies":[{"name":"wp","href":"https:\/\/api.w.org\/{rel}","templated":true}]}}