{"id":4681,"date":"2019-06-06T17:23:43","date_gmt":"2019-06-06T21:23:43","guid":{"rendered":"https:\/\/site.ac-martinique.fr\/clg-gerardcafe\/?p=4681"},"modified":"2021-02-25T14:54:04","modified_gmt":"2021-02-25T18:54:04","slug":"mercredi-12-juin-projection-du-film-documentaire-realise-par-la-4e-e","status":"publish","type":"post","link":"https:\/\/site.ac-martinique.fr\/clg-gerardcafe\/2019\/06\/06\/mercredi-12-juin-projection-du-film-documentaire-realise-par-la-4e-e\/","title":{"rendered":"Mercredi 12 Juin &#8211; Projection du film documentaire r\u00e9alis\u00e9 par la 4e E"},"content":{"rendered":"<p>Dans le cadre d&#8217;un projet p\u00e9dagogique men\u00e9 au coll\u00e8ge G\u00e9rard Caf\u00e9, le professeur de Fran\u00e7ais <em>(Mme TRIME)<\/em> en partenariat avec l&#8217;association <em>&#8220;L\u2019\u0153il\u00a0du doc&#8221;<\/em>, a r\u00e9alis\u00e9 un film documentaire intitul\u00e9 &#8220;Un coll\u00e8ge bric \u00e0 brac&#8221;.<\/p>\n<p>Pour vous permettre de d\u00e9couvrir la r\u00e9alisation des \u00e9l\u00e8ves, une projection aura lieu <span style=\"text-decoration: underline;\"><strong>dans la salle 17 de l&#8217;\u00e9tablissement<\/strong><\/span>, en pr\u00e9sence de la r\u00e9alisatrice et des diff\u00e9rents participants.<\/p>\n<p>Vous \u00eates attendus nombreux le <span style=\"text-decoration: underline;\"><strong>mercredi 12 juin \u00e0 16H00<\/strong><\/span>, \u00e0 venir encourager les \u00e9l\u00e8ves qui vous parleront de leur exp\u00e9rience avec &#8220;L\u2019\u0153il du doc&#8221;.<\/p>\n<p>Les \u00e9l\u00e8ves peuvent venir accompagn\u00e9s de leur famille. C&#8217;est ouvert \u00e0 tous !<\/p>\n","protected":false},"excerpt":{"rendered":"<p>Dans le cadre d&#8217;un projet p\u00e9dagogique men\u00e9 au coll\u00e8ge G\u00e9rard Caf\u00e9, le professeur de Fran\u00e7ais <a class=\"continue-reading-link\" href=\"https:\/\/site.ac-martinique.fr\/clg-gerardcafe\/2019\/06\/06\/mercredi-12-juin-projection-du-film-documentaire-realise-par-la-4e-e\/\">lire plus <span class=\"meta-nav\">&rarr; <\/span><\/a><\/p>\n","protected":false},"author":210,"featured_media":0,"comment_status":"closed","ping_status":"closed","sticky":false,"template":"","format":"standard","meta":{"footnotes":""},"categories":[138],"tags":[],"class_list":["post-4681","post","type-post","status-publish","format-standard","hentry","category-projets-actions"],"_links":{"self":[{"href":"https:\/\/site.ac-martinique.fr\/clg-gerardcafe\/wp-json\/wp\/v2\/posts\/4681","targetHints":{"allow":["GET"]}}],"collection":[{"href":"https:\/\/site.ac-martinique.fr\/clg-gerardcafe\/wp-json\/wp\/v2\/posts"}],"about":[{"href":"https:\/\/site.ac-martinique.fr\/clg-gerardcafe\/wp-json\/wp\/v2\/types\/post"}],"author":[{"embeddable":true,"href":"https:\/\/site.ac-martinique.fr\/clg-gerardcafe\/wp-json\/wp\/v2\/users\/210"}],"replies":[{"embeddable":true,"href":"https:\/\/site.ac-martinique.fr\/clg-gerardcafe\/wp-json\/wp\/v2\/comments?post=4681"}],"version-history":[{"count":3,"href":"https:\/\/site.ac-martinique.fr\/clg-gerardcafe\/wp-json\/wp\/v2\/posts\/4681\/revisions"}],"predecessor-version":[{"id":4706,"href":"https:\/\/site.ac-martinique.fr\/clg-gerardcafe\/wp-json\/wp\/v2\/posts\/4681\/revisions\/4706"}],"wp:attachment":[{"href":"https:\/\/site.ac-martinique.fr\/clg-gerardcafe\/wp-json\/wp\/v2\/media?parent=4681"}],"wp:term":[{"taxonomy":"category","embeddable":true,"href":"https:\/\/site.ac-martinique.fr\/clg-gerardcafe\/wp-json\/wp\/v2\/categories?post=4681"},{"taxonomy":"post_tag","embeddable":true,"href":"https:\/\/site.ac-martinique.fr\/clg-gerardcafe\/wp-json\/wp\/v2\/tags?post=4681"}],"curies":[{"name":"wp","href":"https:\/\/api.w.org\/{rel}","templated":true}]}}