{"id":542,"date":"2014-06-23T11:06:13","date_gmt":"2014-06-23T15:06:13","guid":{"rendered":"https:\/\/site.ac-martinique.fr\/clg-gerardcafe\/?p=542"},"modified":"2021-02-25T14:54:22","modified_gmt":"2021-02-25T18:54:22","slug":"rallye-latin","status":"publish","type":"post","link":"https:\/\/site.ac-martinique.fr\/clg-gerardcafe\/2014\/06\/23\/rallye-latin\/","title":{"rendered":"RALLYE LATIN 2013-2014"},"content":{"rendered":"<p>Bravo aux 5e !<\/p>\n<p>Une deuxi\u00e8me place acad\u00e9mique bien m\u00e9rit\u00e9e !<\/p>\n","protected":false},"excerpt":{"rendered":"<p>Bravo aux 5e ! Une deuxi\u00e8me place acad\u00e9mique bien m\u00e9rit\u00e9e !<\/p>\n","protected":false},"author":210,"featured_media":0,"comment_status":"closed","ping_status":"closed","sticky":false,"template":"","format":"standard","meta":{"footnotes":""},"categories":[176],"tags":[],"class_list":["post-542","post","type-post","status-publish","format-standard","hentry","category-langues"],"_links":{"self":[{"href":"https:\/\/site.ac-martinique.fr\/clg-gerardcafe\/wp-json\/wp\/v2\/posts\/542","targetHints":{"allow":["GET"]}}],"collection":[{"href":"https:\/\/site.ac-martinique.fr\/clg-gerardcafe\/wp-json\/wp\/v2\/posts"}],"about":[{"href":"https:\/\/site.ac-martinique.fr\/clg-gerardcafe\/wp-json\/wp\/v2\/types\/post"}],"author":[{"embeddable":true,"href":"https:\/\/site.ac-martinique.fr\/clg-gerardcafe\/wp-json\/wp\/v2\/users\/210"}],"replies":[{"embeddable":true,"href":"https:\/\/site.ac-martinique.fr\/clg-gerardcafe\/wp-json\/wp\/v2\/comments?post=542"}],"version-history":[{"count":4,"href":"https:\/\/site.ac-martinique.fr\/clg-gerardcafe\/wp-json\/wp\/v2\/posts\/542\/revisions"}],"predecessor-version":[{"id":1548,"href":"https:\/\/site.ac-martinique.fr\/clg-gerardcafe\/wp-json\/wp\/v2\/posts\/542\/revisions\/1548"}],"wp:attachment":[{"href":"https:\/\/site.ac-martinique.fr\/clg-gerardcafe\/wp-json\/wp\/v2\/media?parent=542"}],"wp:term":[{"taxonomy":"category","embeddable":true,"href":"https:\/\/site.ac-martinique.fr\/clg-gerardcafe\/wp-json\/wp\/v2\/categories?post=542"},{"taxonomy":"post_tag","embeddable":true,"href":"https:\/\/site.ac-martinique.fr\/clg-gerardcafe\/wp-json\/wp\/v2\/tags?post=542"}],"curies":[{"name":"wp","href":"https:\/\/api.w.org\/{rel}","templated":true}]}}