{"id":5973,"date":"2021-03-29T15:54:06","date_gmt":"2021-03-29T19:54:06","guid":{"rendered":"https:\/\/site.ac-martinique.fr\/clg-gerardcafe\/?p=5973"},"modified":"2021-09-18T18:33:12","modified_gmt":"2021-09-18T22:33:12","slug":"2021-03-29-ecole-ouverte-kayak","status":"publish","type":"post","link":"https:\/\/site.ac-martinique.fr\/clg-gerardcafe\/2021\/03\/29\/2021-03-29-ecole-ouverte-kayak\/","title":{"rendered":"2021 03-29 \/ \u00c9cole Ouverte Kayak Jour1"},"content":{"rendered":"\n<blockquote class=\"wp-block-quote is-layout-flow wp-block-quote-is-layout-flow\"><p>10 \u00e9l\u00e8ves ont particip\u00e9 \u00e0 la 1\u00e8re journ\u00e9e kayak du dipositif \u00e9cole-ouverte. 9 kilom\u00e8tres de randonn\u00e9e \u00e0 travers la baie du Marin et la mangrove, belle performance pour les 10 coll\u00e9giens de 6\u00e8me et 5\u00e8me.<\/p><\/blockquote>\n\n\n\n<div class=\"wp-block-image\"><figure class=\"aligncenter\"><img decoding=\"async\" src=\"https:\/\/site.ac-martinique.fr\/clg-gerardcafe\/wp-content\/uploads\/sites\/78\/2021\/03\/2021-03-29-EO-Kayak1-Copie-510x383.jpg\" alt=\"\" class=\"wp-image-5974\" \/><figcaption>Les 10 courageux<\/figcaption><\/figure><\/div>\n\n\n\n<div class=\"wp-block-image\"><figure class=\"aligncenter\"><img decoding=\"async\" src=\"https:\/\/site.ac-martinique.fr\/clg-gerardcafe\/wp-content\/uploads\/sites\/78\/2021\/03\/2021-03-29-EO-Kayak24-Copie-510x383.jpg\" alt=\"\" class=\"wp-image-5975\" \/><figcaption>Petite pause au retour<\/figcaption><\/figure><\/div>\n\n\n\n<div class=\"wp-block-image\"><figure class=\"aligncenter\"><img decoding=\"async\" src=\"https:\/\/site.ac-martinique.fr\/clg-gerardcafe\/wp-content\/uploads\/sites\/78\/2021\/03\/2021-03-29-EO-Kayak17-Copie-510x383.jpg\" alt=\"\" class=\"wp-image-5976\" \/><\/figure><\/div>\n\n\n\n<div class=\"wp-block-image\"><figure class=\"aligncenter\"><img decoding=\"async\" src=\"https:\/\/site.ac-martinique.fr\/clg-gerardcafe\/wp-content\/uploads\/sites\/78\/2021\/03\/2021-03-29-EO-Kayak12-Copie-510x383.jpg\" alt=\"\" class=\"wp-image-5977\" \/><\/figure><\/div>\n\n\n\n<div class=\"wp-block-image\"><figure class=\"aligncenter\"><img decoding=\"async\" src=\"https:\/\/site.ac-martinique.fr\/clg-gerardcafe\/wp-content\/uploads\/sites\/78\/2021\/03\/2021-03-29-EO-Kayak4-Copie-510x383.jpg\" alt=\"\" class=\"wp-image-5978\" \/><figcaption>Bateau Pirates<\/figcaption><\/figure><\/div>\n\n\n\n<div class=\"wp-block-image\"><figure class=\"aligncenter\"><img decoding=\"async\" src=\"https:\/\/site.ac-martinique.fr\/clg-gerardcafe\/wp-content\/uploads\/sites\/78\/2021\/03\/2021-03-29-EO-Kayak6-Copie-510x383.jpg\" alt=\"\" class=\"wp-image-5979\" \/><figcaption>Abri pluie&#8230;la mangrove !<\/figcaption><\/figure><\/div>\n\n\n\n<div class=\"wp-block-image\"><figure class=\"aligncenter\"><img decoding=\"async\" src=\"https:\/\/site.ac-martinique.fr\/clg-gerardcafe\/wp-content\/uploads\/sites\/78\/2021\/03\/2021-03-29-EO-Kayak8-Copie-510x383.jpg\" alt=\"\" class=\"wp-image-5980\" \/><\/figure><\/div>\n\n\n\n<div class=\"wp-block-image\"><figure class=\"aligncenter\"><img decoding=\"async\" src=\"https:\/\/site.ac-martinique.fr\/clg-gerardcafe\/wp-content\/uploads\/sites\/78\/2021\/03\/2021-03-29-EO-Kayak10-Copie-510x383.jpg\" alt=\"\" class=\"wp-image-5981\" \/><\/figure><\/div>\n\n\n\n<div class=\"wp-block-image\"><figure class=\"aligncenter\"><img decoding=\"async\" src=\"https:\/\/site.ac-martinique.fr\/clg-gerardcafe\/wp-content\/uploads\/sites\/78\/2021\/03\/2021-03-29-EO-Kayak20-Copie-510x383.jpg\" alt=\"\" class=\"wp-image-5983\" \/><\/figure><\/div>\n","protected":false},"excerpt":{"rendered":"<p>10 \u00e9l\u00e8ves ont particip\u00e9 \u00e0 la 1\u00e8re journ\u00e9e kayak du dipositif \u00e9cole-ouverte. 9 kilom\u00e8tres de <a class=\"continue-reading-link\" href=\"https:\/\/site.ac-martinique.fr\/clg-gerardcafe\/2021\/03\/29\/2021-03-29-ecole-ouverte-kayak\/\">lire plus <span class=\"meta-nav\">&rarr; <\/span><\/a><\/p>\n","protected":false},"author":251,"featured_media":0,"comment_status":"closed","ping_status":"closed","sticky":false,"template":"","format":"quote","meta":{"footnotes":""},"categories":[1,138],"tags":[],"class_list":["post-5973","post","type-post","status-publish","format-quote","hentry","category-non-classe","category-projets-actions","post_format-post-format-quote"],"_links":{"self":[{"href":"https:\/\/site.ac-martinique.fr\/clg-gerardcafe\/wp-json\/wp\/v2\/posts\/5973","targetHints":{"allow":["GET"]}}],"collection":[{"href":"https:\/\/site.ac-martinique.fr\/clg-gerardcafe\/wp-json\/wp\/v2\/posts"}],"about":[{"href":"https:\/\/site.ac-martinique.fr\/clg-gerardcafe\/wp-json\/wp\/v2\/types\/post"}],"author":[{"embeddable":true,"href":"https:\/\/site.ac-martinique.fr\/clg-gerardcafe\/wp-json\/wp\/v2\/users\/251"}],"replies":[{"embeddable":true,"href":"https:\/\/site.ac-martinique.fr\/clg-gerardcafe\/wp-json\/wp\/v2\/comments?post=5973"}],"version-history":[{"count":1,"href":"https:\/\/site.ac-martinique.fr\/clg-gerardcafe\/wp-json\/wp\/v2\/posts\/5973\/revisions"}],"predecessor-version":[{"id":6477,"href":"https:\/\/site.ac-martinique.fr\/clg-gerardcafe\/wp-json\/wp\/v2\/posts\/5973\/revisions\/6477"}],"wp:attachment":[{"href":"https:\/\/site.ac-martinique.fr\/clg-gerardcafe\/wp-json\/wp\/v2\/media?parent=5973"}],"wp:term":[{"taxonomy":"category","embeddable":true,"href":"https:\/\/site.ac-martinique.fr\/clg-gerardcafe\/wp-json\/wp\/v2\/categories?post=5973"},{"taxonomy":"post_tag","embeddable":true,"href":"https:\/\/site.ac-martinique.fr\/clg-gerardcafe\/wp-json\/wp\/v2\/tags?post=5973"}],"curies":[{"name":"wp","href":"https:\/\/api.w.org\/{rel}","templated":true}]}}