{"id":7021,"date":"2022-02-10T05:08:04","date_gmt":"2022-02-10T09:08:04","guid":{"rendered":"https:\/\/site.ac-martinique.fr\/clg-gerardcafe\/?p=7021"},"modified":"2023-01-06T03:47:24","modified_gmt":"2023-01-06T07:47:24","slug":"non-au-harcelement","status":"publish","type":"post","link":"https:\/\/site.ac-martinique.fr\/clg-gerardcafe\/2022\/02\/10\/non-au-harcelement\/","title":{"rendered":"NON AU HARCELEMENT"},"content":{"rendered":"<p>Les \u00e9l\u00e8ves de 4eme S sont pris en charge tous les lundis matins par l&#8217;infirmi\u00e8re, en collaboration avec les enseignants et participent \u00e0 un projet national de lutte contre le harc\u00e8lement.<br \/>\nCet exercice a permis aux \u00e9l\u00e8ves volontaires de mimer la joie, la tristesse, la col\u00e8re ou la peur en fonction de la chaise choisie qui repr\u00e9sentait une de ces 4 \u00e9motions.<\/p>\n<p><a href=\"https:\/\/site.ac-martinique.fr\/clg-gerardcafe\/wp-content\/uploads\/sites\/78\/2022\/02\/PHOTO-2022-02-09-12-29-56-rotated.jpg\"><img loading=\"lazy\" decoding=\"async\" class=\"alignnone size-medium wp-image-7022\" src=\"https:\/\/site.ac-martinique.fr\/clg-gerardcafe\/wp-content\/uploads\/sites\/78\/2022\/02\/PHOTO-2022-02-09-12-29-56-300x138.jpg\" alt=\"\" width=\"300\" height=\"138\" srcset=\"https:\/\/site.ac-martinique.fr\/clg-gerardcafe\/wp-content\/uploads\/sites\/78\/2022\/02\/PHOTO-2022-02-09-12-29-56-300x138.jpg 300w, https:\/\/site.ac-martinique.fr\/clg-gerardcafe\/wp-content\/uploads\/sites\/78\/2022\/02\/PHOTO-2022-02-09-12-29-56-510x235.jpg 510w, https:\/\/site.ac-martinique.fr\/clg-gerardcafe\/wp-content\/uploads\/sites\/78\/2022\/02\/PHOTO-2022-02-09-12-29-56-768x353.jpg 768w, https:\/\/site.ac-martinique.fr\/clg-gerardcafe\/wp-content\/uploads\/sites\/78\/2022\/02\/PHOTO-2022-02-09-12-29-56-1536x707.jpg 1536w, https:\/\/site.ac-martinique.fr\/clg-gerardcafe\/wp-content\/uploads\/sites\/78\/2022\/02\/PHOTO-2022-02-09-12-29-56-150x69.jpg 150w, https:\/\/site.ac-martinique.fr\/clg-gerardcafe\/wp-content\/uploads\/sites\/78\/2022\/02\/PHOTO-2022-02-09-12-29-56-rotated.jpg 1600w\" sizes=\"auto, (max-width: 300px) 100vw, 300px\" \/><\/a> <a href=\"https:\/\/site.ac-martinique.fr\/clg-gerardcafe\/wp-content\/uploads\/sites\/78\/2022\/02\/PHOTO-2022-02-09-12-30-06.jpg\"><img loading=\"lazy\" decoding=\"async\" class=\"alignnone size-medium wp-image-7023\" src=\"https:\/\/site.ac-martinique.fr\/clg-gerardcafe\/wp-content\/uploads\/sites\/78\/2022\/02\/PHOTO-2022-02-09-12-30-06-300x138.jpg\" alt=\"\" width=\"300\" height=\"138\" srcset=\"https:\/\/site.ac-martinique.fr\/clg-gerardcafe\/wp-content\/uploads\/sites\/78\/2022\/02\/PHOTO-2022-02-09-12-30-06-300x138.jpg 300w, https:\/\/site.ac-martinique.fr\/clg-gerardcafe\/wp-content\/uploads\/sites\/78\/2022\/02\/PHOTO-2022-02-09-12-30-06-510x235.jpg 510w, https:\/\/site.ac-martinique.fr\/clg-gerardcafe\/wp-content\/uploads\/sites\/78\/2022\/02\/PHOTO-2022-02-09-12-30-06-768x353.jpg 768w, https:\/\/site.ac-martinique.fr\/clg-gerardcafe\/wp-content\/uploads\/sites\/78\/2022\/02\/PHOTO-2022-02-09-12-30-06-1536x707.jpg 1536w, https:\/\/site.ac-martinique.fr\/clg-gerardcafe\/wp-content\/uploads\/sites\/78\/2022\/02\/PHOTO-2022-02-09-12-30-06-150x69.jpg 150w, https:\/\/site.ac-martinique.fr\/clg-gerardcafe\/wp-content\/uploads\/sites\/78\/2022\/02\/PHOTO-2022-02-09-12-30-06.jpg 1600w\" sizes=\"auto, (max-width: 300px) 100vw, 300px\" \/><\/a><\/p>\n<div style=\"width: 640px;\" class=\"wp-video\"><video class=\"wp-video-shortcode\" id=\"video-7021-1\" width=\"640\" height=\"352\" preload=\"metadata\" controls=\"controls\"><source type=\"video\/mp4\" src=\"https:\/\/site.ac-martinique.fr\/clg-gerardcafe\/wp-content\/uploads\/sites\/78\/2022\/02\/VIDEO-2022-02-09-12-31-47.mp4?_=1\" \/><a href=\"https:\/\/site.ac-martinique.fr\/clg-gerardcafe\/wp-content\/uploads\/sites\/78\/2022\/02\/VIDEO-2022-02-09-12-31-47.mp4\">https:\/\/site.ac-martinique.fr\/clg-gerardcafe\/wp-content\/uploads\/sites\/78\/2022\/02\/VIDEO-2022-02-09-12-31-47.mp4<\/a><\/video><\/div>\n<div style=\"width: 640px;\" class=\"wp-video\"><video class=\"wp-video-shortcode\" id=\"video-7021-2\" width=\"640\" height=\"352\" preload=\"metadata\" controls=\"controls\"><source type=\"video\/mp4\" src=\"https:\/\/site.ac-martinique.fr\/clg-gerardcafe\/wp-content\/uploads\/sites\/78\/2022\/02\/VIDEO-2022-02-09-12-32-38.mp4?_=2\" \/><a href=\"https:\/\/site.ac-martinique.fr\/clg-gerardcafe\/wp-content\/uploads\/sites\/78\/2022\/02\/VIDEO-2022-02-09-12-32-38.mp4\">https:\/\/site.ac-martinique.fr\/clg-gerardcafe\/wp-content\/uploads\/sites\/78\/2022\/02\/VIDEO-2022-02-09-12-32-38.mp4<\/a><\/video><\/div>\n","protected":false},"excerpt":{"rendered":"<p>Les \u00e9l\u00e8ves de 4eme S sont pris en charge tous les lundis matins par l&#8217;infirmi\u00e8re, <a class=\"continue-reading-link\" href=\"https:\/\/site.ac-martinique.fr\/clg-gerardcafe\/2022\/02\/10\/non-au-harcelement\/\">lire plus <span class=\"meta-nav\">&rarr; <\/span><\/a><\/p>\n","protected":false},"author":210,"featured_media":0,"comment_status":"closed","ping_status":"closed","sticky":false,"template":"","format":"quote","meta":{"footnotes":""},"categories":[195],"tags":[],"class_list":["post-7021","post","type-post","status-publish","format-quote","hentry","category-segpa","post_format-post-format-quote"],"_links":{"self":[{"href":"https:\/\/site.ac-martinique.fr\/clg-gerardcafe\/wp-json\/wp\/v2\/posts\/7021","targetHints":{"allow":["GET"]}}],"collection":[{"href":"https:\/\/site.ac-martinique.fr\/clg-gerardcafe\/wp-json\/wp\/v2\/posts"}],"about":[{"href":"https:\/\/site.ac-martinique.fr\/clg-gerardcafe\/wp-json\/wp\/v2\/types\/post"}],"author":[{"embeddable":true,"href":"https:\/\/site.ac-martinique.fr\/clg-gerardcafe\/wp-json\/wp\/v2\/users\/210"}],"replies":[{"embeddable":true,"href":"https:\/\/site.ac-martinique.fr\/clg-gerardcafe\/wp-json\/wp\/v2\/comments?post=7021"}],"version-history":[{"count":4,"href":"https:\/\/site.ac-martinique.fr\/clg-gerardcafe\/wp-json\/wp\/v2\/posts\/7021\/revisions"}],"predecessor-version":[{"id":7029,"href":"https:\/\/site.ac-martinique.fr\/clg-gerardcafe\/wp-json\/wp\/v2\/posts\/7021\/revisions\/7029"}],"wp:attachment":[{"href":"https:\/\/site.ac-martinique.fr\/clg-gerardcafe\/wp-json\/wp\/v2\/media?parent=7021"}],"wp:term":[{"taxonomy":"category","embeddable":true,"href":"https:\/\/site.ac-martinique.fr\/clg-gerardcafe\/wp-json\/wp\/v2\/categories?post=7021"},{"taxonomy":"post_tag","embeddable":true,"href":"https:\/\/site.ac-martinique.fr\/clg-gerardcafe\/wp-json\/wp\/v2\/tags?post=7021"}],"curies":[{"name":"wp","href":"https:\/\/api.w.org\/{rel}","templated":true}]}}