{"id":7237,"date":"2022-05-10T12:00:44","date_gmt":"2022-05-10T16:00:44","guid":{"rendered":"https:\/\/site.ac-martinique.fr\/clg-gerardcafe\/?p=7237"},"modified":"2023-02-12T17:38:51","modified_gmt":"2023-02-12T21:38:51","slug":"affectation-apres-la-3ieme","status":"publish","type":"post","link":"https:\/\/site.ac-martinique.fr\/clg-gerardcafe\/2022\/05\/10\/affectation-apres-la-3ieme\/","title":{"rendered":"Affectation apr\u00e8s la 3i\u00e8me"},"content":{"rendered":"<p>Chers Parents,<br \/>\nLa campagne d\u2019affectation apr\u00e8s la 3 i\u00e8me est ouverte.<br \/>\nLa proc\u00e9dure en ligne que vous avez utilis\u00e9e lors de la phase provisoire est maintenue.<br \/>\nVous trouverez sur le site du Coll\u00e8ge et PRONOTE les diff\u00e9rents documents qui vous donneront les informations<br \/>\npouvant vous aider lors de la saisie de vos choix d\u00e9finitifs.<br \/>\nLa campagne de saisie se d\u00e9roulera d\u00e8s r\u00e9ception de la pr\u00e9sente note et jusqu\u2019au 22 mai 2022, d\u00e9lai<br \/>\nimp\u00e9ratif.<br \/>\nEn cas de difficult\u00e9, rapprochez-vous imp\u00e9rativement du coll\u00e8ge, de M. ODONNAT (Professeur<br \/>\nPrincipal), de M. MORMIN (AED Responsable du Num\u00e9rique).<br \/>\nMerci de votre collaboration.<\/p>\n<p>La Principale,<br \/>\nEveline RETORY<\/p>\n<p><strong>1 )t\u00e9l\u00e9charger ici le guide d&#8217;orientation &#8211; choix d\u00e9finitif<\/strong><br \/>\n<strong>et T\u00e9l\u00e9service Affectation<\/strong> <iframe src=\"\/\/docs.google.com\/viewer?url=https%3A%2F%2Fsite.ac-martinique.fr%2Fclg-gerardcafe%2Fwp-content%2Fuploads%2Fsites%2F78%2F2022%2F05%2FPresentation-Teleservice-Affectation.pdf&hl=fr&embedded=true\" class=\"gde-frame\" style=\"width:100%; height:500px; border: none;\" scrolling=\"no\"><\/iframe>\n<p class=\"gde-text\"><a href=\"https:\/\/site.ac-martinique.fr\/clg-gerardcafe\/wp-content\/uploads\/sites\/78\/2022\/05\/Presentation-Teleservice-Affectation.pdf\" class=\"gde-link\">T\u00e9l\u00e9charger (PDF, Inconnu)<\/a><\/p>\n<p><strong>2 )T\u00e9l\u00e9charger Ci-dessous le guide de pr\u00e9paration d&#8217;orientation<\/strong> <iframe src=\"\/\/docs.google.com\/viewer?url=https%3A%2F%2Fsite.ac-martinique.fr%2Fclg-gerardcafe%2Fwp-content%2Fuploads%2Fsites%2F78%2F2022%2F05%2FGUIDE-3E-RENTREE-2021.pdf&hl=fr&embedded=true\" class=\"gde-frame\" style=\"width:100%; height:500px; border: none;\" scrolling=\"no\"><\/iframe>\n<p class=\"gde-text\"><a href=\"https:\/\/site.ac-martinique.fr\/clg-gerardcafe\/wp-content\/uploads\/sites\/78\/2022\/05\/GUIDE-3E-RENTREE-2021.pdf\" class=\"gde-link\">T\u00e9l\u00e9charger (PDF, Inconnu)<\/a><\/p>\n","protected":false},"excerpt":{"rendered":"<p>Chers Parents, La campagne d\u2019affectation apr\u00e8s la 3 i\u00e8me est ouverte. La proc\u00e9dure en ligne <a class=\"continue-reading-link\" href=\"https:\/\/site.ac-martinique.fr\/clg-gerardcafe\/2022\/05\/10\/affectation-apres-la-3ieme\/\">lire plus <span class=\"meta-nav\">&rarr; <\/span><\/a><\/p>\n","protected":false},"author":210,"featured_media":0,"comment_status":"closed","ping_status":"closed","sticky":false,"template":"","format":"quote","meta":{"footnotes":""},"categories":[1],"tags":[],"class_list":["post-7237","post","type-post","status-publish","format-quote","hentry","category-non-classe","post_format-post-format-quote"],"_links":{"self":[{"href":"https:\/\/site.ac-martinique.fr\/clg-gerardcafe\/wp-json\/wp\/v2\/posts\/7237","targetHints":{"allow":["GET"]}}],"collection":[{"href":"https:\/\/site.ac-martinique.fr\/clg-gerardcafe\/wp-json\/wp\/v2\/posts"}],"about":[{"href":"https:\/\/site.ac-martinique.fr\/clg-gerardcafe\/wp-json\/wp\/v2\/types\/post"}],"author":[{"embeddable":true,"href":"https:\/\/site.ac-martinique.fr\/clg-gerardcafe\/wp-json\/wp\/v2\/users\/210"}],"replies":[{"embeddable":true,"href":"https:\/\/site.ac-martinique.fr\/clg-gerardcafe\/wp-json\/wp\/v2\/comments?post=7237"}],"version-history":[{"count":8,"href":"https:\/\/site.ac-martinique.fr\/clg-gerardcafe\/wp-json\/wp\/v2\/posts\/7237\/revisions"}],"predecessor-version":[{"id":7249,"href":"https:\/\/site.ac-martinique.fr\/clg-gerardcafe\/wp-json\/wp\/v2\/posts\/7237\/revisions\/7249"}],"wp:attachment":[{"href":"https:\/\/site.ac-martinique.fr\/clg-gerardcafe\/wp-json\/wp\/v2\/media?parent=7237"}],"wp:term":[{"taxonomy":"category","embeddable":true,"href":"https:\/\/site.ac-martinique.fr\/clg-gerardcafe\/wp-json\/wp\/v2\/categories?post=7237"},{"taxonomy":"post_tag","embeddable":true,"href":"https:\/\/site.ac-martinique.fr\/clg-gerardcafe\/wp-json\/wp\/v2\/tags?post=7237"}],"curies":[{"name":"wp","href":"https:\/\/api.w.org\/{rel}","templated":true}]}}