{"id":7564,"date":"2022-11-10T16:45:57","date_gmt":"2022-11-10T20:45:57","guid":{"rendered":"https:\/\/site.ac-martinique.fr\/clg-gerardcafe\/?p=7564"},"modified":"2023-02-12T17:34:15","modified_gmt":"2023-02-12T21:34:15","slug":"non-au-harcelement-3","status":"publish","type":"post","link":"https:\/\/site.ac-martinique.fr\/clg-gerardcafe\/2022\/11\/10\/non-au-harcelement-3\/","title":{"rendered":"NON AU HARC\u00c8LEMENT"},"content":{"rendered":"\n<figure class=\"wp-block-image size-large\"><a href=\"https:\/\/site.ac-martinique.fr\/clg-gerardcafe\/wp-content\/uploads\/sites\/78\/2022\/11\/nah-2022-affiche-clg-philippe-seguin-sousse-24116-1.png\"><img loading=\"lazy\" decoding=\"async\" width=\"510\" height=\"278\" src=\"https:\/\/site.ac-martinique.fr\/clg-gerardcafe\/wp-content\/uploads\/sites\/78\/2022\/11\/nah-2022-affiche-clg-philippe-seguin-sousse-24116-1-510x278.png\" alt=\"\" class=\"wp-image-7567\" srcset=\"https:\/\/site.ac-martinique.fr\/clg-gerardcafe\/wp-content\/uploads\/sites\/78\/2022\/11\/nah-2022-affiche-clg-philippe-seguin-sousse-24116-1-510x278.png 510w, https:\/\/site.ac-martinique.fr\/clg-gerardcafe\/wp-content\/uploads\/sites\/78\/2022\/11\/nah-2022-affiche-clg-philippe-seguin-sousse-24116-1-300x163.png 300w, https:\/\/site.ac-martinique.fr\/clg-gerardcafe\/wp-content\/uploads\/sites\/78\/2022\/11\/nah-2022-affiche-clg-philippe-seguin-sousse-24116-1-768x418.png 768w, https:\/\/site.ac-martinique.fr\/clg-gerardcafe\/wp-content\/uploads\/sites\/78\/2022\/11\/nah-2022-affiche-clg-philippe-seguin-sousse-24116-1-150x82.png 150w, https:\/\/site.ac-martinique.fr\/clg-gerardcafe\/wp-content\/uploads\/sites\/78\/2022\/11\/nah-2022-affiche-clg-philippe-seguin-sousse-24116-1.png 1340w\" sizes=\"auto, (max-width: 510px) 100vw, 510px\" \/><\/a><\/figure>\n\n\n\n<p>\u00a0A l\u2019initiative de l\u2019infirmi\u00e8re<strong> Mme NAVARRO<\/strong>, une action de sensibilisation au harc\u00e8lement a eu lieu au coll\u00e8ge le mardi 8 novembre.<\/p>\n\n\n\n<p>Cette action en lien avec le programme \u00e9ducation nationale &#8220;PHARE&#8221; et la journ\u00e9e nationale de lutte contre le harc\u00e8lement (10 novembre 2022) avait pour <strong>objectifs<\/strong> de&nbsp;:<\/p>\n\n\n\n<p>\u2192 Sensibiliser les \u00e9l\u00e8ves au ph\u00e9nom\u00e8ne de harc\u00e8lement en milieu scolaire afin d&#8217;en pr\u00e9venir les cons\u00e9quences physiques et psychologiques.<\/p>\n\n\n\n<p>\u2192 D\u00e9velopper l\u2019empathie et la bienveillance.<\/p>\n\n\n\n<p>\u2192 Am\u00e9liorer le climat scolaire.<\/p>\n\n\n\n<p>&#8211; <mark style=\"background-color:rgba(0, 0, 0, 0)\" class=\"has-inline-color has-luminous-vivid-orange-color\"><strong>14 enseignants<\/strong> \u00a0<strong>et l&#8217;assistante sociale ont<\/strong><\/mark> r\u00e9pondu favorablement pour participer \u00e0 l&#8217;action.<\/p>\n\n\n\n<p>&#8211;\u00a0 <strong><mark style=\"background-color:rgba(0, 0, 0, 0)\" class=\"has-inline-color has-luminous-vivid-orange-color\">13 classes<\/mark><\/strong> ont pu b\u00e9n\u00e9ficier du dispositif gr\u00e2ce au regroupement de certaines classes.<\/p>\n\n\n\n<p><strong>&#8211; <mark style=\"background-color:rgba(0, 0, 0, 0)\" class=\"has-inline-color has-luminous-vivid-orange-color\">233 \u00e9l\u00e8ves<\/mark> <\/strong>pr\u00e9sents ont particip\u00e9 au &#8220;temps fort&#8221;(Projection du film \u00ab\u00a0Marion, 13 ans pour toujours\u00a0\u00bb).<\/p>\n\n\n\n<p>Un <strong><mark style=\"background-color:rgba(0, 0, 0, 0)\" class=\"has-inline-color has-vivid-red-color\">IMMENSE MERCI<\/mark><\/strong> \u00e0 tous les coll\u00e8gues pr\u00e9sents, sans qui cette action n&#8217;aurait pu avoir lieu ainsi qu&#8217;aux Chefs d&#8217;\u00e9tablissement qui ont soutenu le projet.<\/p>\n\n\n\n<p><strong>Vous trouverez ci-joint les documents ayant servi de support post visionnage du film<\/strong><\/p>\n\n\n\n<figure class=\"wp-block-gallery has-nested-images columns-default is-cropped wp-block-gallery-1 is-layout-flex wp-block-gallery-is-layout-flex\">\n<figure class=\"wp-block-image size-large\"><a href=\"https:\/\/site.ac-martinique.fr\/clg-gerardcafe\/wp-content\/uploads\/sites\/78\/2022\/11\/10conseilsharclement.jpg\"><img loading=\"lazy\" decoding=\"async\" width=\"510\" height=\"336\" data-id=\"7570\" src=\"https:\/\/site.ac-martinique.fr\/clg-gerardcafe\/wp-content\/uploads\/sites\/78\/2022\/11\/10conseilsharclement-510x336.jpg\" alt=\"\" class=\"wp-image-7570\" srcset=\"https:\/\/site.ac-martinique.fr\/clg-gerardcafe\/wp-content\/uploads\/sites\/78\/2022\/11\/10conseilsharclement-510x336.jpg 510w, https:\/\/site.ac-martinique.fr\/clg-gerardcafe\/wp-content\/uploads\/sites\/78\/2022\/11\/10conseilsharclement-300x198.jpg 300w, https:\/\/site.ac-martinique.fr\/clg-gerardcafe\/wp-content\/uploads\/sites\/78\/2022\/11\/10conseilsharclement-768x506.jpg 768w, https:\/\/site.ac-martinique.fr\/clg-gerardcafe\/wp-content\/uploads\/sites\/78\/2022\/11\/10conseilsharclement-1536x1012.jpg 1536w, https:\/\/site.ac-martinique.fr\/clg-gerardcafe\/wp-content\/uploads\/sites\/78\/2022\/11\/10conseilsharclement-150x99.jpg 150w, https:\/\/site.ac-martinique.fr\/clg-gerardcafe\/wp-content\/uploads\/sites\/78\/2022\/11\/10conseilsharclement.jpg 2048w\" sizes=\"auto, (max-width: 510px) 100vw, 510px\" \/><\/a><\/figure>\n\n\n\n<figure class=\"wp-block-image size-large\"><a href=\"https:\/\/site.ac-martinique.fr\/clg-gerardcafe\/wp-content\/uploads\/sites\/78\/2022\/11\/definition.jpg\"><img loading=\"lazy\" decoding=\"async\" width=\"510\" height=\"361\" data-id=\"7569\" src=\"https:\/\/site.ac-martinique.fr\/clg-gerardcafe\/wp-content\/uploads\/sites\/78\/2022\/11\/definition-510x361.jpg\" alt=\"\" class=\"wp-image-7569\" srcset=\"https:\/\/site.ac-martinique.fr\/clg-gerardcafe\/wp-content\/uploads\/sites\/78\/2022\/11\/definition-510x361.jpg 510w, https:\/\/site.ac-martinique.fr\/clg-gerardcafe\/wp-content\/uploads\/sites\/78\/2022\/11\/definition-300x212.jpg 300w, https:\/\/site.ac-martinique.fr\/clg-gerardcafe\/wp-content\/uploads\/sites\/78\/2022\/11\/definition-768x544.jpg 768w, https:\/\/site.ac-martinique.fr\/clg-gerardcafe\/wp-content\/uploads\/sites\/78\/2022\/11\/definition-150x106.jpg 150w, https:\/\/site.ac-martinique.fr\/clg-gerardcafe\/wp-content\/uploads\/sites\/78\/2022\/11\/definition.jpg 1280w\" sizes=\"auto, (max-width: 510px) 100vw, 510px\" \/><\/a><\/figure>\n\n\n\n<figure class=\"wp-block-image size-large\"><a href=\"https:\/\/site.ac-martinique.fr\/clg-gerardcafe\/wp-content\/uploads\/sites\/78\/2022\/11\/thumbnail_16680096993913595515523090270166.jpg\"><img loading=\"lazy\" decoding=\"async\" width=\"510\" height=\"234\" data-id=\"7568\" src=\"https:\/\/site.ac-martinique.fr\/clg-gerardcafe\/wp-content\/uploads\/sites\/78\/2022\/11\/thumbnail_16680096993913595515523090270166-510x234.jpg\" alt=\"\" class=\"wp-image-7568\" srcset=\"https:\/\/site.ac-martinique.fr\/clg-gerardcafe\/wp-content\/uploads\/sites\/78\/2022\/11\/thumbnail_16680096993913595515523090270166-510x234.jpg 510w, https:\/\/site.ac-martinique.fr\/clg-gerardcafe\/wp-content\/uploads\/sites\/78\/2022\/11\/thumbnail_16680096993913595515523090270166-300x138.jpg 300w, https:\/\/site.ac-martinique.fr\/clg-gerardcafe\/wp-content\/uploads\/sites\/78\/2022\/11\/thumbnail_16680096993913595515523090270166-768x353.jpg 768w, https:\/\/site.ac-martinique.fr\/clg-gerardcafe\/wp-content\/uploads\/sites\/78\/2022\/11\/thumbnail_16680096993913595515523090270166-150x69.jpg 150w, https:\/\/site.ac-martinique.fr\/clg-gerardcafe\/wp-content\/uploads\/sites\/78\/2022\/11\/thumbnail_16680096993913595515523090270166.jpg 1280w\" sizes=\"auto, (max-width: 510px) 100vw, 510px\" \/><\/a><\/figure>\n<\/figure>\n","protected":false},"excerpt":{"rendered":"<p>\u00a0A l\u2019initiative de l\u2019infirmi\u00e8re Mme NAVARRO, une action de sensibilisation au harc\u00e8lement a eu lieu <a class=\"continue-reading-link\" href=\"https:\/\/site.ac-martinique.fr\/clg-gerardcafe\/2022\/11\/10\/non-au-harcelement-3\/\">lire plus <span class=\"meta-nav\">&rarr; <\/span><\/a><\/p>\n","protected":false},"author":267,"featured_media":0,"comment_status":"closed","ping_status":"closed","sticky":false,"template":"","format":"standard","meta":{"footnotes":""},"categories":[138],"tags":[],"class_list":["post-7564","post","type-post","status-publish","format-standard","hentry","category-projets-actions"],"_links":{"self":[{"href":"https:\/\/site.ac-martinique.fr\/clg-gerardcafe\/wp-json\/wp\/v2\/posts\/7564","targetHints":{"allow":["GET"]}}],"collection":[{"href":"https:\/\/site.ac-martinique.fr\/clg-gerardcafe\/wp-json\/wp\/v2\/posts"}],"about":[{"href":"https:\/\/site.ac-martinique.fr\/clg-gerardcafe\/wp-json\/wp\/v2\/types\/post"}],"author":[{"embeddable":true,"href":"https:\/\/site.ac-martinique.fr\/clg-gerardcafe\/wp-json\/wp\/v2\/users\/267"}],"replies":[{"embeddable":true,"href":"https:\/\/site.ac-martinique.fr\/clg-gerardcafe\/wp-json\/wp\/v2\/comments?post=7564"}],"version-history":[{"count":2,"href":"https:\/\/site.ac-martinique.fr\/clg-gerardcafe\/wp-json\/wp\/v2\/posts\/7564\/revisions"}],"predecessor-version":[{"id":7571,"href":"https:\/\/site.ac-martinique.fr\/clg-gerardcafe\/wp-json\/wp\/v2\/posts\/7564\/revisions\/7571"}],"wp:attachment":[{"href":"https:\/\/site.ac-martinique.fr\/clg-gerardcafe\/wp-json\/wp\/v2\/media?parent=7564"}],"wp:term":[{"taxonomy":"category","embeddable":true,"href":"https:\/\/site.ac-martinique.fr\/clg-gerardcafe\/wp-json\/wp\/v2\/categories?post=7564"},{"taxonomy":"post_tag","embeddable":true,"href":"https:\/\/site.ac-martinique.fr\/clg-gerardcafe\/wp-json\/wp\/v2\/tags?post=7564"}],"curies":[{"name":"wp","href":"https:\/\/api.w.org\/{rel}","templated":true}]}}