{"id":7572,"date":"2022-11-17T06:55:50","date_gmt":"2022-11-17T10:55:50","guid":{"rendered":"https:\/\/site.ac-martinique.fr\/clg-gerardcafe\/?p=7572"},"modified":"2023-02-13T06:11:46","modified_gmt":"2023-02-13T10:11:46","slug":"sortie-au-musee-de-lanse-figuier","status":"publish","type":"post","link":"https:\/\/site.ac-martinique.fr\/clg-gerardcafe\/2022\/11\/17\/sortie-au-musee-de-lanse-figuier\/","title":{"rendered":"Sortie au mus\u00e9e de l\u2019Anse Figuier"},"content":{"rendered":"<p>Le jeudi 10 novembre 2022 de 14h a16h30, les \u00e9l\u00e8ves de 6\u00e8me B et 6\u00e8me D sont all\u00e9s visiter l&#8217;\u00e9comus\u00e9e de l&#8217;Anse Figuier \u00e0 Rivi\u00e8re-Pilote, dans le cadre de leur cours d&#8217;Histoire sur &#8220;Les d\u00e9buts de l&#8217;humanit\u00e9 &#8220;. L&#8217;objectif \u00e9tant de d\u00e9couvrir quelques ressources arch\u00e9ologiques locales sur les premiers peuplements des territoires ultramarins (sp\u00e9cificit\u00e9s chronologiques et culturelles). Ils ont pu voir, apr\u00e8s \u00e9tude en classe\u00a0: un site arch\u00e9ologique; l\u2019habitat, des objets de la vie quotidienne et l&#8217;art des Am\u00e9rindiens\u00a0et ainsi un pan de l&#8217;histoire des Antilles. Ils ont appris quelques mots d&#8217;origine am\u00e9rindienne. Il devait remplir sur place une fiche bilan pr\u00e9par\u00e9e par leur professeur d\u2019histoire.<\/p>\n\n<div class=\"wp-block-image\">\n<figure class=\"aligncenter size-large\"><a href=\"https:\/\/site.ac-martinique.fr\/clg-gerardcafe\/wp-content\/uploads\/sites\/78\/2022\/11\/Sortie.jpg\"><img loading=\"lazy\" decoding=\"async\" width=\"510\" height=\"157\" src=\"https:\/\/site.ac-martinique.fr\/clg-gerardcafe\/wp-content\/uploads\/sites\/78\/2022\/11\/Sortie-510x157.jpg\" alt=\"\" class=\"wp-image-7574\" srcset=\"https:\/\/site.ac-martinique.fr\/clg-gerardcafe\/wp-content\/uploads\/sites\/78\/2022\/11\/Sortie-510x157.jpg 510w, https:\/\/site.ac-martinique.fr\/clg-gerardcafe\/wp-content\/uploads\/sites\/78\/2022\/11\/Sortie-300x92.jpg 300w, https:\/\/site.ac-martinique.fr\/clg-gerardcafe\/wp-content\/uploads\/sites\/78\/2022\/11\/Sortie-768x236.jpg 768w, https:\/\/site.ac-martinique.fr\/clg-gerardcafe\/wp-content\/uploads\/sites\/78\/2022\/11\/Sortie-150x46.jpg 150w, https:\/\/site.ac-martinique.fr\/clg-gerardcafe\/wp-content\/uploads\/sites\/78\/2022\/11\/Sortie.jpg 949w\" sizes=\"auto, (max-width: 510px) 100vw, 510px\" \/><\/a><\/figure>\n<\/div>","protected":false},"excerpt":{"rendered":"<p>Le jeudi 10 novembre 2022 de 14h a16h30, les \u00e9l\u00e8ves de 6\u00e8me B et 6\u00e8me <a class=\"continue-reading-link\" href=\"https:\/\/site.ac-martinique.fr\/clg-gerardcafe\/2022\/11\/17\/sortie-au-musee-de-lanse-figuier\/\">lire plus <span class=\"meta-nav\">&rarr; <\/span><\/a><\/p>\n","protected":false},"author":267,"featured_media":0,"comment_status":"closed","ping_status":"closed","sticky":false,"template":"","format":"standard","meta":{"footnotes":""},"categories":[154,201,1],"tags":[],"class_list":["post-7572","post","type-post","status-publish","format-standard","hentry","category-actualites","category-histoire-geographie-emc","category-non-classe"],"_links":{"self":[{"href":"https:\/\/site.ac-martinique.fr\/clg-gerardcafe\/wp-json\/wp\/v2\/posts\/7572","targetHints":{"allow":["GET"]}}],"collection":[{"href":"https:\/\/site.ac-martinique.fr\/clg-gerardcafe\/wp-json\/wp\/v2\/posts"}],"about":[{"href":"https:\/\/site.ac-martinique.fr\/clg-gerardcafe\/wp-json\/wp\/v2\/types\/post"}],"author":[{"embeddable":true,"href":"https:\/\/site.ac-martinique.fr\/clg-gerardcafe\/wp-json\/wp\/v2\/users\/267"}],"replies":[{"embeddable":true,"href":"https:\/\/site.ac-martinique.fr\/clg-gerardcafe\/wp-json\/wp\/v2\/comments?post=7572"}],"version-history":[{"count":3,"href":"https:\/\/site.ac-martinique.fr\/clg-gerardcafe\/wp-json\/wp\/v2\/posts\/7572\/revisions"}],"predecessor-version":[{"id":7576,"href":"https:\/\/site.ac-martinique.fr\/clg-gerardcafe\/wp-json\/wp\/v2\/posts\/7572\/revisions\/7576"}],"wp:attachment":[{"href":"https:\/\/site.ac-martinique.fr\/clg-gerardcafe\/wp-json\/wp\/v2\/media?parent=7572"}],"wp:term":[{"taxonomy":"category","embeddable":true,"href":"https:\/\/site.ac-martinique.fr\/clg-gerardcafe\/wp-json\/wp\/v2\/categories?post=7572"},{"taxonomy":"post_tag","embeddable":true,"href":"https:\/\/site.ac-martinique.fr\/clg-gerardcafe\/wp-json\/wp\/v2\/tags?post=7572"}],"curies":[{"name":"wp","href":"https:\/\/api.w.org\/{rel}","templated":true}]}}