{"id":7613,"date":"2022-11-29T11:17:36","date_gmt":"2022-11-29T15:17:36","guid":{"rendered":"https:\/\/site.ac-martinique.fr\/clg-gerardcafe\/?p=7613"},"modified":"2023-01-16T22:41:23","modified_gmt":"2023-01-17T02:41:23","slug":"criterium-de-schoelcher-27-11-2022","status":"publish","type":"post","link":"https:\/\/site.ac-martinique.fr\/clg-gerardcafe\/2022\/11\/29\/criterium-de-schoelcher-27-11-2022\/","title":{"rendered":"Crit\u00e9rium de Schoelcher 27\/11\/2022"},"content":{"rendered":"<div class=\"ox-1c631e6f27-x_elementToProof ox-1c631e6f27-elementToProof\"><span style=\"font-size: 16px;\">Belle prestation des coll\u00e9giens de la Section Sportive Voile du coll\u00e8ge CAF\u00c9 du Marin au 1<\/span><sup class=\"ox-1c631e6f27-x_ContentPasted0\">er<\/sup><span style=\"font-size: 16px;\">&nbsp;Crit\u00e9rium \u00e0 Schoelcher le dimanche 27 novembre 2022.&nbsp;<\/span><\/div>\n<div class=\"ox-1c631e6f27-x_elementToProof\">\n<p class=\"ox-1c631e6f27-x_MsoNormal\"><span class=\"ox-1c631e6f27-x_ContentPasted0\">16 \u00e9l\u00e8ves ont fait le d\u00e9placement dont 14 r\u00e9gatiers et 2 filles qui ont offici\u00e9 au comit\u00e9 de course de l\u2019organisation.&nbsp;<\/span><\/p>\n<p class=\"ox-1c631e6f27-x_MsoNormal\"><span class=\"ox-1c631e6f27-x_ContentPasted0\">6 \u00e9quipages en Fusion et 2 planchistes ont d\u00e9fendu les couleurs du coll\u00e8ge. A l\u2019issue des 3 courses le r\u00e9sultat est impressionnant puisque le podium Fusion est occup\u00e9 uniquement par les Marinois et D\u2019Nyss se classe 3<sup class=\"ox-1c631e6f27-x_ContentPasted0\">\u00e8me<\/sup>&nbsp;en planche \u00e0 voile.&nbsp;<\/span><\/p>\n<p class=\"ox-1c631e6f27-x_MsoNormal\"><span class=\"ox-1c631e6f27-x_ContentPasted0\">La moiti\u00e9 des coureurs repart donc satisfaite avec la m\u00e9daille autour du cou.&nbsp;<\/span><\/p>\n<p class=\"ox-1c631e6f27-x_MsoNormal\"><b><span class=\"ox-1c631e6f27-x_ContentPasted0\">Classement Fusions&nbsp;sur 13 \u00e9quipages en course&nbsp;:&nbsp;<\/span><\/b><\/p>\n<p class=\"ox-1c631e6f27-x_MsoNormal\"><span class=\"ox-1c631e6f27-x_ContentPasted0\">1<sup class=\"ox-1c631e6f27-x_ContentPasted0\">er<\/sup>&nbsp;Camilo Soza-Guerra &amp; S\u00e9van Nicolas&nbsp;<\/span><\/p>\n<p class=\"ox-1c631e6f27-x_MsoNormal\"><span class=\"ox-1c631e6f27-x_ContentPasted0\">2<sup class=\"ox-1c631e6f27-x_ContentPasted0\">\u00e8me<\/sup>&nbsp;Hugo Moreau-Dhallenne &amp; Cassandre Alcibiade&nbsp;<\/span><\/p>\n<p class=\"ox-1c631e6f27-x_MsoNormal\"><span class=\"ox-1c631e6f27-x_ContentPasted0\">3<sup class=\"ox-1c631e6f27-x_ContentPasted0\">\u00e8me<\/sup>&nbsp;Jonas Fage &amp; No\u00e9 Ricadat-Crosnier&nbsp;<\/span><\/p>\n<p class=\"ox-1c631e6f27-x_MsoNormal\"><span class=\"ox-1c631e6f27-x_ContentPasted0\">4<sup class=\"ox-1c631e6f27-x_ContentPasted0\">\u00e8me<\/sup>&nbsp;Georges-Henri Lagier-Lamon &amp; Salom\u00e9 Labenas&nbsp;<\/span><\/p>\n<p class=\"ox-1c631e6f27-x_MsoNormal\"><span class=\"ox-1c631e6f27-x_ContentPasted0\">11<sup class=\"ox-1c631e6f27-x_ContentPasted0\">\u00e8me<\/sup>&nbsp;Medhi Mongis &amp; Karrem Pancrate- &#8211; Williams&nbsp;<\/span><\/p>\n<p class=\"ox-1c631e6f27-x_MsoNormal\"><span class=\"ox-1c631e6f27-x_ContentPasted0\">12<sup class=\"ox-1c631e6f27-x_ContentPasted0\">\u00e8me<\/sup>&nbsp;Mario Belrose &amp; Manon Corriveaud&nbsp;<\/span><\/p>\n<p class=\"ox-1c631e6f27-x_MsoNormal\"><b><span class=\"ox-1c631e6f27-x_ContentPasted0\">Classement Planche \u00e0 voile sur 9 concurrents&nbsp;<\/span><\/b><\/p>\n<p class=\"ox-1c631e6f27-x_MsoNormal\"><span class=\"ox-1c631e6f27-x_ContentPasted0\">3<sup class=\"ox-1c631e6f27-x_ContentPasted0\">\u00e8me<\/sup>&nbsp;D\u2019Nyss bulet&nbsp;<\/span><\/p>\n<p class=\"ox-1c631e6f27-x_MsoNormal\"><span class=\"ox-1c631e6f27-x_ContentPasted0\">8<sup class=\"ox-1c631e6f27-x_ContentPasted0\">\u00e8me<\/sup>&nbsp;Luka Moreau-Dhallenne&nbsp;<\/span><\/p>\n<\/div>\n\n\n<figure class=\"wp-block-gallery has-nested-images columns-default is-cropped wp-block-gallery-1 is-layout-flex wp-block-gallery-is-layout-flex\">\n<figure class=\"wp-block-image size-large\"><a href=\"https:\/\/site.ac-martinique.fr\/clg-gerardcafe\/wp-content\/uploads\/sites\/78\/2022\/11\/2022-11-27-Criterium3c.jpg\"><img loading=\"lazy\" decoding=\"async\" width=\"510\" height=\"383\" data-id=\"7617\" src=\"https:\/\/site.ac-martinique.fr\/clg-gerardcafe\/wp-content\/uploads\/sites\/78\/2022\/11\/2022-11-27-Criterium3c-510x383.jpg\" alt=\"\" class=\"wp-image-7617\" srcset=\"https:\/\/site.ac-martinique.fr\/clg-gerardcafe\/wp-content\/uploads\/sites\/78\/2022\/11\/2022-11-27-Criterium3c-510x383.jpg 510w, https:\/\/site.ac-martinique.fr\/clg-gerardcafe\/wp-content\/uploads\/sites\/78\/2022\/11\/2022-11-27-Criterium3c-300x225.jpg 300w, https:\/\/site.ac-martinique.fr\/clg-gerardcafe\/wp-content\/uploads\/sites\/78\/2022\/11\/2022-11-27-Criterium3c-768x576.jpg 768w, https:\/\/site.ac-martinique.fr\/clg-gerardcafe\/wp-content\/uploads\/sites\/78\/2022\/11\/2022-11-27-Criterium3c-1536x1152.jpg 1536w, https:\/\/site.ac-martinique.fr\/clg-gerardcafe\/wp-content\/uploads\/sites\/78\/2022\/11\/2022-11-27-Criterium3c-150x113.jpg 150w, https:\/\/site.ac-martinique.fr\/clg-gerardcafe\/wp-content\/uploads\/sites\/78\/2022\/11\/2022-11-27-Criterium3c.jpg 1672w\" sizes=\"auto, (max-width: 510px) 100vw, 510px\" \/><\/a><\/figure>\n\n\n\n<figure class=\"wp-block-image size-large\"><a href=\"https:\/\/site.ac-martinique.fr\/clg-gerardcafe\/wp-content\/uploads\/sites\/78\/2022\/11\/2022-11-27-Criterium6c.jpg\"><img loading=\"lazy\" decoding=\"async\" width=\"510\" height=\"383\" data-id=\"7619\" src=\"https:\/\/site.ac-martinique.fr\/clg-gerardcafe\/wp-content\/uploads\/sites\/78\/2022\/11\/2022-11-27-Criterium6c-510x383.jpg\" alt=\"\" class=\"wp-image-7619\" srcset=\"https:\/\/site.ac-martinique.fr\/clg-gerardcafe\/wp-content\/uploads\/sites\/78\/2022\/11\/2022-11-27-Criterium6c-510x383.jpg 510w, https:\/\/site.ac-martinique.fr\/clg-gerardcafe\/wp-content\/uploads\/sites\/78\/2022\/11\/2022-11-27-Criterium6c-300x225.jpg 300w, https:\/\/site.ac-martinique.fr\/clg-gerardcafe\/wp-content\/uploads\/sites\/78\/2022\/11\/2022-11-27-Criterium6c-768x576.jpg 768w, https:\/\/site.ac-martinique.fr\/clg-gerardcafe\/wp-content\/uploads\/sites\/78\/2022\/11\/2022-11-27-Criterium6c-1536x1152.jpg 1536w, https:\/\/site.ac-martinique.fr\/clg-gerardcafe\/wp-content\/uploads\/sites\/78\/2022\/11\/2022-11-27-Criterium6c-150x113.jpg 150w, https:\/\/site.ac-martinique.fr\/clg-gerardcafe\/wp-content\/uploads\/sites\/78\/2022\/11\/2022-11-27-Criterium6c.jpg 1672w\" sizes=\"auto, (max-width: 510px) 100vw, 510px\" \/><\/a><\/figure>\n\n\n\n<figure class=\"wp-block-image size-large\"><a href=\"https:\/\/site.ac-martinique.fr\/clg-gerardcafe\/wp-content\/uploads\/sites\/78\/2022\/11\/2022-11-27-Criterium11c.jpg\"><img loading=\"lazy\" decoding=\"async\" width=\"510\" height=\"383\" data-id=\"7620\" src=\"https:\/\/site.ac-martinique.fr\/clg-gerardcafe\/wp-content\/uploads\/sites\/78\/2022\/11\/2022-11-27-Criterium11c-510x383.jpg\" alt=\"\" class=\"wp-image-7620\" srcset=\"https:\/\/site.ac-martinique.fr\/clg-gerardcafe\/wp-content\/uploads\/sites\/78\/2022\/11\/2022-11-27-Criterium11c-510x383.jpg 510w, https:\/\/site.ac-martinique.fr\/clg-gerardcafe\/wp-content\/uploads\/sites\/78\/2022\/11\/2022-11-27-Criterium11c-300x225.jpg 300w, https:\/\/site.ac-martinique.fr\/clg-gerardcafe\/wp-content\/uploads\/sites\/78\/2022\/11\/2022-11-27-Criterium11c-768x576.jpg 768w, https:\/\/site.ac-martinique.fr\/clg-gerardcafe\/wp-content\/uploads\/sites\/78\/2022\/11\/2022-11-27-Criterium11c-1536x1152.jpg 1536w, https:\/\/site.ac-martinique.fr\/clg-gerardcafe\/wp-content\/uploads\/sites\/78\/2022\/11\/2022-11-27-Criterium11c-150x113.jpg 150w, https:\/\/site.ac-martinique.fr\/clg-gerardcafe\/wp-content\/uploads\/sites\/78\/2022\/11\/2022-11-27-Criterium11c.jpg 1672w\" sizes=\"auto, (max-width: 510px) 100vw, 510px\" \/><\/a><\/figure>\n\n\n\n<figure class=\"wp-block-image size-large\"><a href=\"https:\/\/site.ac-martinique.fr\/clg-gerardcafe\/wp-content\/uploads\/sites\/78\/2022\/11\/2022-11-27-Criterium39c.jpg\"><img loading=\"lazy\" decoding=\"async\" width=\"510\" height=\"383\" data-id=\"7616\" src=\"https:\/\/site.ac-martinique.fr\/clg-gerardcafe\/wp-content\/uploads\/sites\/78\/2022\/11\/2022-11-27-Criterium39c-510x383.jpg\" alt=\"\" class=\"wp-image-7616\" srcset=\"https:\/\/site.ac-martinique.fr\/clg-gerardcafe\/wp-content\/uploads\/sites\/78\/2022\/11\/2022-11-27-Criterium39c-510x383.jpg 510w, https:\/\/site.ac-martinique.fr\/clg-gerardcafe\/wp-content\/uploads\/sites\/78\/2022\/11\/2022-11-27-Criterium39c-300x225.jpg 300w, https:\/\/site.ac-martinique.fr\/clg-gerardcafe\/wp-content\/uploads\/sites\/78\/2022\/11\/2022-11-27-Criterium39c-768x576.jpg 768w, https:\/\/site.ac-martinique.fr\/clg-gerardcafe\/wp-content\/uploads\/sites\/78\/2022\/11\/2022-11-27-Criterium39c-1536x1152.jpg 1536w, https:\/\/site.ac-martinique.fr\/clg-gerardcafe\/wp-content\/uploads\/sites\/78\/2022\/11\/2022-11-27-Criterium39c-150x113.jpg 150w, https:\/\/site.ac-martinique.fr\/clg-gerardcafe\/wp-content\/uploads\/sites\/78\/2022\/11\/2022-11-27-Criterium39c.jpg 1672w\" sizes=\"auto, (max-width: 510px) 100vw, 510px\" \/><\/a><\/figure>\n\n\n\n<figure class=\"wp-block-image size-large\"><a href=\"https:\/\/site.ac-martinique.fr\/clg-gerardcafe\/wp-content\/uploads\/sites\/78\/2022\/11\/2022-11-27-Criterium53c.jpg\"><img loading=\"lazy\" decoding=\"async\" width=\"510\" height=\"383\" data-id=\"7618\" src=\"https:\/\/site.ac-martinique.fr\/clg-gerardcafe\/wp-content\/uploads\/sites\/78\/2022\/11\/2022-11-27-Criterium53c-510x383.jpg\" alt=\"\" class=\"wp-image-7618\" srcset=\"https:\/\/site.ac-martinique.fr\/clg-gerardcafe\/wp-content\/uploads\/sites\/78\/2022\/11\/2022-11-27-Criterium53c-510x383.jpg 510w, https:\/\/site.ac-martinique.fr\/clg-gerardcafe\/wp-content\/uploads\/sites\/78\/2022\/11\/2022-11-27-Criterium53c-300x225.jpg 300w, https:\/\/site.ac-martinique.fr\/clg-gerardcafe\/wp-content\/uploads\/sites\/78\/2022\/11\/2022-11-27-Criterium53c-768x576.jpg 768w, https:\/\/site.ac-martinique.fr\/clg-gerardcafe\/wp-content\/uploads\/sites\/78\/2022\/11\/2022-11-27-Criterium53c-1536x1152.jpg 1536w, https:\/\/site.ac-martinique.fr\/clg-gerardcafe\/wp-content\/uploads\/sites\/78\/2022\/11\/2022-11-27-Criterium53c-150x113.jpg 150w, https:\/\/site.ac-martinique.fr\/clg-gerardcafe\/wp-content\/uploads\/sites\/78\/2022\/11\/2022-11-27-Criterium53c.jpg 1672w\" sizes=\"auto, (max-width: 510px) 100vw, 510px\" \/><\/a><\/figure>\n\n\n\n<figure class=\"wp-block-image size-large\"><a href=\"https:\/\/site.ac-martinique.fr\/clg-gerardcafe\/wp-content\/uploads\/sites\/78\/2022\/11\/2022-11-27-Criterium70c.jpg\"><img loading=\"lazy\" decoding=\"async\" width=\"510\" height=\"383\" data-id=\"7615\" src=\"https:\/\/site.ac-martinique.fr\/clg-gerardcafe\/wp-content\/uploads\/sites\/78\/2022\/11\/2022-11-27-Criterium70c-510x383.jpg\" alt=\"\" class=\"wp-image-7615\" srcset=\"https:\/\/site.ac-martinique.fr\/clg-gerardcafe\/wp-content\/uploads\/sites\/78\/2022\/11\/2022-11-27-Criterium70c-510x383.jpg 510w, https:\/\/site.ac-martinique.fr\/clg-gerardcafe\/wp-content\/uploads\/sites\/78\/2022\/11\/2022-11-27-Criterium70c-300x225.jpg 300w, https:\/\/site.ac-martinique.fr\/clg-gerardcafe\/wp-content\/uploads\/sites\/78\/2022\/11\/2022-11-27-Criterium70c-768x576.jpg 768w, https:\/\/site.ac-martinique.fr\/clg-gerardcafe\/wp-content\/uploads\/sites\/78\/2022\/11\/2022-11-27-Criterium70c-1536x1152.jpg 1536w, https:\/\/site.ac-martinique.fr\/clg-gerardcafe\/wp-content\/uploads\/sites\/78\/2022\/11\/2022-11-27-Criterium70c-150x113.jpg 150w, https:\/\/site.ac-martinique.fr\/clg-gerardcafe\/wp-content\/uploads\/sites\/78\/2022\/11\/2022-11-27-Criterium70c.jpg 1672w\" sizes=\"auto, (max-width: 510px) 100vw, 510px\" \/><\/a><\/figure>\n\n\n\n<figure class=\"wp-block-image size-large\"><a href=\"https:\/\/site.ac-martinique.fr\/clg-gerardcafe\/wp-content\/uploads\/sites\/78\/2022\/11\/2022-11-27-Criterium83c.jpg\"><img loading=\"lazy\" decoding=\"async\" width=\"510\" height=\"383\" data-id=\"7621\" src=\"https:\/\/site.ac-martinique.fr\/clg-gerardcafe\/wp-content\/uploads\/sites\/78\/2022\/11\/2022-11-27-Criterium83c-510x383.jpg\" alt=\"\" class=\"wp-image-7621\" srcset=\"https:\/\/site.ac-martinique.fr\/clg-gerardcafe\/wp-content\/uploads\/sites\/78\/2022\/11\/2022-11-27-Criterium83c-510x383.jpg 510w, https:\/\/site.ac-martinique.fr\/clg-gerardcafe\/wp-content\/uploads\/sites\/78\/2022\/11\/2022-11-27-Criterium83c-300x225.jpg 300w, https:\/\/site.ac-martinique.fr\/clg-gerardcafe\/wp-content\/uploads\/sites\/78\/2022\/11\/2022-11-27-Criterium83c-768x576.jpg 768w, https:\/\/site.ac-martinique.fr\/clg-gerardcafe\/wp-content\/uploads\/sites\/78\/2022\/11\/2022-11-27-Criterium83c-1536x1152.jpg 1536w, https:\/\/site.ac-martinique.fr\/clg-gerardcafe\/wp-content\/uploads\/sites\/78\/2022\/11\/2022-11-27-Criterium83c-150x113.jpg 150w, https:\/\/site.ac-martinique.fr\/clg-gerardcafe\/wp-content\/uploads\/sites\/78\/2022\/11\/2022-11-27-Criterium83c.jpg 1672w\" sizes=\"auto, (max-width: 510px) 100vw, 510px\" \/><\/a><\/figure>\n\n\n\n<figure class=\"wp-block-image size-large\"><a href=\"https:\/\/site.ac-martinique.fr\/clg-gerardcafe\/wp-content\/uploads\/sites\/78\/2022\/11\/2022-11-27-Criterium95c.jpg\"><img loading=\"lazy\" decoding=\"async\" width=\"510\" height=\"383\" data-id=\"7622\" src=\"https:\/\/site.ac-martinique.fr\/clg-gerardcafe\/wp-content\/uploads\/sites\/78\/2022\/11\/2022-11-27-Criterium95c-510x383.jpg\" alt=\"\" class=\"wp-image-7622\" srcset=\"https:\/\/site.ac-martinique.fr\/clg-gerardcafe\/wp-content\/uploads\/sites\/78\/2022\/11\/2022-11-27-Criterium95c-510x383.jpg 510w, https:\/\/site.ac-martinique.fr\/clg-gerardcafe\/wp-content\/uploads\/sites\/78\/2022\/11\/2022-11-27-Criterium95c-300x225.jpg 300w, https:\/\/site.ac-martinique.fr\/clg-gerardcafe\/wp-content\/uploads\/sites\/78\/2022\/11\/2022-11-27-Criterium95c-768x576.jpg 768w, https:\/\/site.ac-martinique.fr\/clg-gerardcafe\/wp-content\/uploads\/sites\/78\/2022\/11\/2022-11-27-Criterium95c-1536x1152.jpg 1536w, https:\/\/site.ac-martinique.fr\/clg-gerardcafe\/wp-content\/uploads\/sites\/78\/2022\/11\/2022-11-27-Criterium95c-150x113.jpg 150w, https:\/\/site.ac-martinique.fr\/clg-gerardcafe\/wp-content\/uploads\/sites\/78\/2022\/11\/2022-11-27-Criterium95c.jpg 1672w\" sizes=\"auto, (max-width: 510px) 100vw, 510px\" \/><\/a><\/figure>\n\n\n\n<figure class=\"wp-block-image size-large\"><a href=\"https:\/\/site.ac-martinique.fr\/clg-gerardcafe\/wp-content\/uploads\/sites\/78\/2022\/11\/2022-11-27-Criterium97c.jpg\"><img loading=\"lazy\" decoding=\"async\" width=\"510\" height=\"383\" data-id=\"7623\" src=\"https:\/\/site.ac-martinique.fr\/clg-gerardcafe\/wp-content\/uploads\/sites\/78\/2022\/11\/2022-11-27-Criterium97c-510x383.jpg\" alt=\"\" class=\"wp-image-7623\" srcset=\"https:\/\/site.ac-martinique.fr\/clg-gerardcafe\/wp-content\/uploads\/sites\/78\/2022\/11\/2022-11-27-Criterium97c-510x383.jpg 510w, https:\/\/site.ac-martinique.fr\/clg-gerardcafe\/wp-content\/uploads\/sites\/78\/2022\/11\/2022-11-27-Criterium97c-300x225.jpg 300w, https:\/\/site.ac-martinique.fr\/clg-gerardcafe\/wp-content\/uploads\/sites\/78\/2022\/11\/2022-11-27-Criterium97c-768x576.jpg 768w, https:\/\/site.ac-martinique.fr\/clg-gerardcafe\/wp-content\/uploads\/sites\/78\/2022\/11\/2022-11-27-Criterium97c-1536x1152.jpg 1536w, https:\/\/site.ac-martinique.fr\/clg-gerardcafe\/wp-content\/uploads\/sites\/78\/2022\/11\/2022-11-27-Criterium97c-150x113.jpg 150w, https:\/\/site.ac-martinique.fr\/clg-gerardcafe\/wp-content\/uploads\/sites\/78\/2022\/11\/2022-11-27-Criterium97c.jpg 1672w\" sizes=\"auto, (max-width: 510px) 100vw, 510px\" \/><\/a><\/figure>\n<\/figure>\n","protected":false},"excerpt":{"rendered":"<p>Belle prestation des coll\u00e9giens de la Section Sportive Voile du coll\u00e8ge CAF\u00c9 du Marin au <a class=\"continue-reading-link\" href=\"https:\/\/site.ac-martinique.fr\/clg-gerardcafe\/2022\/11\/29\/criterium-de-schoelcher-27-11-2022\/\">lire plus <span class=\"meta-nav\">&rarr; <\/span><\/a><\/p>\n","protected":false},"author":267,"featured_media":0,"comment_status":"closed","ping_status":"closed","sticky":false,"template":"","format":"standard","meta":{"footnotes":""},"categories":[178],"tags":[],"class_list":["post-7613","post","type-post","status-publish","format-standard","hentry","category-section-voile"],"_links":{"self":[{"href":"https:\/\/site.ac-martinique.fr\/clg-gerardcafe\/wp-json\/wp\/v2\/posts\/7613","targetHints":{"allow":["GET"]}}],"collection":[{"href":"https:\/\/site.ac-martinique.fr\/clg-gerardcafe\/wp-json\/wp\/v2\/posts"}],"about":[{"href":"https:\/\/site.ac-martinique.fr\/clg-gerardcafe\/wp-json\/wp\/v2\/types\/post"}],"author":[{"embeddable":true,"href":"https:\/\/site.ac-martinique.fr\/clg-gerardcafe\/wp-json\/wp\/v2\/users\/267"}],"replies":[{"embeddable":true,"href":"https:\/\/site.ac-martinique.fr\/clg-gerardcafe\/wp-json\/wp\/v2\/comments?post=7613"}],"version-history":[{"count":2,"href":"https:\/\/site.ac-martinique.fr\/clg-gerardcafe\/wp-json\/wp\/v2\/posts\/7613\/revisions"}],"predecessor-version":[{"id":7624,"href":"https:\/\/site.ac-martinique.fr\/clg-gerardcafe\/wp-json\/wp\/v2\/posts\/7613\/revisions\/7624"}],"wp:attachment":[{"href":"https:\/\/site.ac-martinique.fr\/clg-gerardcafe\/wp-json\/wp\/v2\/media?parent=7613"}],"wp:term":[{"taxonomy":"category","embeddable":true,"href":"https:\/\/site.ac-martinique.fr\/clg-gerardcafe\/wp-json\/wp\/v2\/categories?post=7613"},{"taxonomy":"post_tag","embeddable":true,"href":"https:\/\/site.ac-martinique.fr\/clg-gerardcafe\/wp-json\/wp\/v2\/tags?post=7613"}],"curies":[{"name":"wp","href":"https:\/\/api.w.org\/{rel}","templated":true}]}}