{"id":8222,"date":"2024-03-08T19:56:27","date_gmt":"2024-03-08T23:56:27","guid":{"rendered":"https:\/\/site.ac-martinique.fr\/clg-gerardcafe\/?p=8222"},"modified":"2024-03-08T20:52:53","modified_gmt":"2024-03-09T00:52:53","slug":"la-semaine-des-maths-2024-au-college-limportant-cest-de-participer","status":"publish","type":"post","link":"https:\/\/site.ac-martinique.fr\/clg-gerardcafe\/2024\/03\/08\/la-semaine-des-maths-2024-au-college-limportant-cest-de-participer\/","title":{"rendered":"La semaine des maths 2024 au college: \u00ab L\u2019important, c\u2019est de participer \u00bb"},"content":{"rendered":"<p>La Semaine des math\u00e9matiques a pour objectif d\u2019offrir \u00e0 tous les \u00e9l\u00e8ves des \u00e9coles, coll\u00e8ges et lyc\u00e9es ainsi qu\u2019\u00e0 leurs parents, une image actuelle, vivante et attractive des math\u00e9matiques.<\/p>\n\n<p><iframe loading=\"lazy\" class=\"wp-embedded-content\" sandbox=\"allow-scripts\" security=\"restricted\" title=\"Semaine des maths 2024 (1)\" width=\"560\" height=\"315\" src=\"https:\/\/tube-sciences-technologies.apps.education.fr\/videos\/embed\/accb9f04-dfcd-48e3-8dcc-9b6fe6fcd8c4#?secret=3rD5cRNJxe\" data-secret=\"3rD5cRNJxe\" frameborder=\"0\"><\/iframe><\/p>\n\n\n\n<h2 class=\"wp-block-heading has-text-align-left\"><strong><mark style=\"background-color:rgba(0, 0, 0, 0)\" class=\"has-inline-color has-vivid-red-color\">Le programme<\/mark><\/strong><\/h2>\n\n\n<div class=\"wp-block-image\">\n<figure class=\"alignleft size-full\"><a href=\"https:\/\/site.ac-martinique.fr\/clg-gerardcafe\/wp-content\/uploads\/sites\/78\/2024\/03\/Programme-semaine-des-maths.jpg\"><img loading=\"lazy\" decoding=\"async\" width=\"509\" height=\"720\" src=\"https:\/\/site.ac-martinique.fr\/clg-gerardcafe\/wp-content\/uploads\/sites\/78\/2024\/03\/Programme-semaine-des-maths.jpg\" alt=\"\" class=\"wp-image-8266\" srcset=\"https:\/\/site.ac-martinique.fr\/clg-gerardcafe\/wp-content\/uploads\/sites\/78\/2024\/03\/Programme-semaine-des-maths.jpg 509w, https:\/\/site.ac-martinique.fr\/clg-gerardcafe\/wp-content\/uploads\/sites\/78\/2024\/03\/Programme-semaine-des-maths-212x300.jpg 212w, https:\/\/site.ac-martinique.fr\/clg-gerardcafe\/wp-content\/uploads\/sites\/78\/2024\/03\/Programme-semaine-des-maths-106x150.jpg 106w\" sizes=\"auto, (max-width: 509px) 100vw, 509px\" \/><\/a><\/figure>\n<\/div>","protected":false},"excerpt":{"rendered":"<p>La Semaine des math\u00e9matiques a pour objectif d\u2019offrir \u00e0 tous les \u00e9l\u00e8ves des \u00e9coles, coll\u00e8ges <a class=\"continue-reading-link\" href=\"https:\/\/site.ac-martinique.fr\/clg-gerardcafe\/2024\/03\/08\/la-semaine-des-maths-2024-au-college-limportant-cest-de-participer\/\">lire plus <span class=\"meta-nav\">&rarr; <\/span><\/a><\/p>\n","protected":false},"author":267,"featured_media":0,"comment_status":"closed","ping_status":"closed","sticky":true,"template":"","format":"standard","meta":{"footnotes":""},"categories":[154,1],"tags":[],"class_list":["post-8222","post","type-post","status-publish","format-standard","hentry","category-actualites","category-non-classe"],"_links":{"self":[{"href":"https:\/\/site.ac-martinique.fr\/clg-gerardcafe\/wp-json\/wp\/v2\/posts\/8222","targetHints":{"allow":["GET"]}}],"collection":[{"href":"https:\/\/site.ac-martinique.fr\/clg-gerardcafe\/wp-json\/wp\/v2\/posts"}],"about":[{"href":"https:\/\/site.ac-martinique.fr\/clg-gerardcafe\/wp-json\/wp\/v2\/types\/post"}],"author":[{"embeddable":true,"href":"https:\/\/site.ac-martinique.fr\/clg-gerardcafe\/wp-json\/wp\/v2\/users\/267"}],"replies":[{"embeddable":true,"href":"https:\/\/site.ac-martinique.fr\/clg-gerardcafe\/wp-json\/wp\/v2\/comments?post=8222"}],"version-history":[{"count":7,"href":"https:\/\/site.ac-martinique.fr\/clg-gerardcafe\/wp-json\/wp\/v2\/posts\/8222\/revisions"}],"predecessor-version":[{"id":8276,"href":"https:\/\/site.ac-martinique.fr\/clg-gerardcafe\/wp-json\/wp\/v2\/posts\/8222\/revisions\/8276"}],"wp:attachment":[{"href":"https:\/\/site.ac-martinique.fr\/clg-gerardcafe\/wp-json\/wp\/v2\/media?parent=8222"}],"wp:term":[{"taxonomy":"category","embeddable":true,"href":"https:\/\/site.ac-martinique.fr\/clg-gerardcafe\/wp-json\/wp\/v2\/categories?post=8222"},{"taxonomy":"post_tag","embeddable":true,"href":"https:\/\/site.ac-martinique.fr\/clg-gerardcafe\/wp-json\/wp\/v2\/tags?post=8222"}],"curies":[{"name":"wp","href":"https:\/\/api.w.org\/{rel}","templated":true}]}}