{"id":377,"date":"2022-09-29T04:20:25","date_gmt":"2022-09-29T08:20:25","guid":{"rendered":"https:\/\/site.ac-martinique.fr\/clg-hubertnero\/?p=377"},"modified":"2022-09-29T04:20:26","modified_gmt":"2022-09-29T08:20:26","slug":"377","status":"publish","type":"post","link":"https:\/\/site.ac-martinique.fr\/clg-hubertnero\/?p=377","title":{"rendered":""},"content":{"rendered":"<h2><span style=\"color: #ff0000;\">INFORMATION IMPORTANTE<\/span><\/h2>\n<p>Parents,<br \/>\u00a0<br \/>En raison d&rsquo;un mouvement degr\u00e8ve national pr\u00e9vu demain JEUDI <br \/>29 SEPTEMBRE 2022, de fortes perturbations sont \u00e0 pr\u00e9voir. Les <br \/>\u00e9l\u00e8ves seront accueillis sur la matin\u00e9e de 7h \u00e0 12h15 et les cours <br \/>maintenus.Le service de restauration ne sera pas assur\u00e9 et le <br \/>ramassage scolaire s&rsquo;effectuera \u00e0 12H15.<br \/>\u00a0<br \/>Merci de prendre les dispositions n\u00e9c\u00e9ssaire et de votre <br \/>compr\u00e9hension.<br \/>\u00a0<br \/>Pour la Principale,\u00a0<br \/>le Principal adjoint.<br \/>\u00a0<br \/>H.GLEIZE<\/p>\n","protected":false},"excerpt":{"rendered":"<p>INFORMATION IMPORTANTE Parents,\u00a0En raison d&rsquo;un mouvement degr\u00e8ve national pr\u00e9vu demain JEUDI 29 SEPTEMBRE 2022, de fortes perturbations sont \u00e0 pr\u00e9voir. Les \u00e9l\u00e8ves seront accueillis sur la matin\u00e9e de 7h \u00e0 12h15 et les cours maintenus.Le service de restauration ne sera &hellip; <a href=\"https:\/\/site.ac-martinique.fr\/clg-hubertnero\/?p=377\">Continuer la lecture <span class=\"meta-nav\">&rarr;<\/span><\/a><\/p>\n","protected":false},"author":257,"featured_media":0,"comment_status":"closed","ping_status":"closed","sticky":false,"template":"","format":"standard","meta":{"footnotes":""},"categories":[1],"tags":[],"class_list":["post-377","post","type-post","status-publish","format-standard","hentry","category-non-classe"],"_links":{"self":[{"href":"https:\/\/site.ac-martinique.fr\/clg-hubertnero\/index.php?rest_route=\/wp\/v2\/posts\/377","targetHints":{"allow":["GET"]}}],"collection":[{"href":"https:\/\/site.ac-martinique.fr\/clg-hubertnero\/index.php?rest_route=\/wp\/v2\/posts"}],"about":[{"href":"https:\/\/site.ac-martinique.fr\/clg-hubertnero\/index.php?rest_route=\/wp\/v2\/types\/post"}],"author":[{"embeddable":true,"href":"https:\/\/site.ac-martinique.fr\/clg-hubertnero\/index.php?rest_route=\/wp\/v2\/users\/257"}],"replies":[{"embeddable":true,"href":"https:\/\/site.ac-martinique.fr\/clg-hubertnero\/index.php?rest_route=%2Fwp%2Fv2%2Fcomments&post=377"}],"version-history":[{"count":1,"href":"https:\/\/site.ac-martinique.fr\/clg-hubertnero\/index.php?rest_route=\/wp\/v2\/posts\/377\/revisions"}],"predecessor-version":[{"id":378,"href":"https:\/\/site.ac-martinique.fr\/clg-hubertnero\/index.php?rest_route=\/wp\/v2\/posts\/377\/revisions\/378"}],"wp:attachment":[{"href":"https:\/\/site.ac-martinique.fr\/clg-hubertnero\/index.php?rest_route=%2Fwp%2Fv2%2Fmedia&parent=377"}],"wp:term":[{"taxonomy":"category","embeddable":true,"href":"https:\/\/site.ac-martinique.fr\/clg-hubertnero\/index.php?rest_route=%2Fwp%2Fv2%2Fcategories&post=377"},{"taxonomy":"post_tag","embeddable":true,"href":"https:\/\/site.ac-martinique.fr\/clg-hubertnero\/index.php?rest_route=%2Fwp%2Fv2%2Ftags&post=377"}],"curies":[{"name":"wp","href":"https:\/\/api.w.org\/{rel}","templated":true}]}}