{"id":391,"date":"2022-11-29T00:42:36","date_gmt":"2022-11-29T04:42:36","guid":{"rendered":"https:\/\/site.ac-martinique.fr\/clg-hubertnero\/?p=391"},"modified":"2022-11-29T00:42:36","modified_gmt":"2022-11-29T04:42:36","slug":"rencontre-litteraire-avec-dimitry-elias-leger","status":"publish","type":"post","link":"https:\/\/site.ac-martinique.fr\/clg-hubertnero\/?p=391","title":{"rendered":"<strong>Rencontre litt\u00e9raire avec Dimitry Elias LEGER<\/strong>"},"content":{"rendered":"<p>Le Mardi 15 Novembre, de 10h30 \u00e0 12h00, les \u00e9l\u00e8ves de la 4<sup>e<\/sup> C et leur professeur de fran\u00e7ais Mme LARRIBE, ont eu l\u2019opportunit\u00e9 de rencontrer au CDI, Dimitry Elias LEGER, auteur du roman \u00ab&nbsp;God loves Ha\u00efti&nbsp;\u00bb.<\/p>\n<p>Apr\u00e8s les pr\u00e9sentations d\u2019usage, les \u00e9l\u00e8ves ont \u00e9chang\u00e9 avec l\u2019auteur sur son parcours familial et professionnel et les raisons qui l\u2019ont pouss\u00e9 \u00e0 \u00e9crire sur le s\u00e9isme de 2010 en Ha\u00efti. Plut\u00f4t r\u00e9serv\u00e9s au d\u00e9but, ils se sont peu \u00e0 peu d\u00e9tendus, lib\u00e9rant ainsi la parole. Profitant de cette rencontre, deux \u00e9l\u00e8ves&nbsp;; VIRAYE Emilie et PAMPHILE Nicolas, ont d\u00e9clam\u00e9 \u00e0 l\u2019auteur, un de leurs po\u00e8mes, inspir\u00e9 de \u00ab&nbsp;Je vis, je meurs&nbsp;\u00bb de Louise LAB\u00c9. Une attention qui a \u00e9mu l\u2019auteur.<\/p>\n<p>Durant les \u00e9changes, l\u2019auteur leur a prodigu\u00e9 de pr\u00e9cieux conseils. Tout d\u2019abord, il leur a rappel\u00e9 les bienfaits de la lecture sur l\u2019esprit&nbsp;: acquisition d\u2019une meilleure concentration, enrichissement du vocabulaire et d\u00e9veloppement de l\u2019imaginaire. Puis, il les a encourag\u00e9 \u00e0 lire de tout pour nourrir leur imagination et \u00e0 \u00e9crire r\u00e9guli\u00e8rement quelques phrases dans un cahier. L\u2019important \u00e9tant de se faire plaisir en laissant libre court \u00e0 son imagination car \u00ab&nbsp;\u00e9crire c\u2019est faire passer des \u00e9motions&nbsp;\u00bb (dixit M. LEGER).<\/p>\n<p>Les \u00e9l\u00e8ves ont particuli\u00e8rement appr\u00e9ci\u00e9 cette parenth\u00e8se dans leur quotidien scolaire.<\/p>\n<p>Cette rencontre fut donc enrichissante et m\u00e9riterait d\u2019\u00eatre renouvel\u00e9e afin d\u2019inciter nos \u00e9l\u00e8ves \u00e0 s\u2019engager davantage dans le lire-\u00e9crire.<\/p>\n<p><\/p>\n<p>Mme ELIZA, Professeur-documentaliste au CLG H. NERO<\/p>\n\n\n<div class=\"alignnormal\"><div id=\"metaslider-id-395\" style=\"width: 100%;\" class=\"ml-slider-3-108-0 metaslider metaslider-flex metaslider-395 ml-slider has-dots-nav ms-theme-default\" role=\"region\" aria-label=\"Rencontre litt\u00e9raire\" data-height=\"300\" data-width=\"700\">\n    <div id=\"metaslider_container_395\">\n        <div id=\"metaslider_395\">\n            <ul class='slides'>\n                <li style=\"display: block; width: 100%;\" class=\"slide-396 ms-image \" aria-roledescription=\"slide\" data-date=\"2022-11-29 00:38:34\" data-filename=\"20221115_105320-1-scaled-700x300.jpg\" data-slide-type=\"image\"><img loading=\"lazy\" decoding=\"async\" src=\"https:\/\/site.ac-martinique.fr\/clg-hubertnero\/wp-content\/uploads\/sites\/98\/2022\/11\/20221115_105320-1-scaled-700x300.jpg\" height=\"300\" width=\"700\" alt=\"\" class=\"slider-395 slide-396 msDefaultImage\" title=\"20221115_105320-1\" \/><\/li>\n                <li style=\"display: none; width: 100%;\" class=\"slide-398 ms-image \" aria-roledescription=\"slide\" data-date=\"2022-11-29 00:40:53\" data-filename=\"20221115_104055-1-scaled-700x300.jpg\" data-slide-type=\"image\"><img loading=\"lazy\" decoding=\"async\" src=\"https:\/\/site.ac-martinique.fr\/clg-hubertnero\/wp-content\/uploads\/sites\/98\/2022\/11\/20221115_104055-1-scaled-700x300.jpg\" height=\"300\" width=\"700\" alt=\"\" class=\"slider-395 slide-398 msDefaultImage\" title=\"20221115_104055 (1)\" \/><\/li>\n            <\/ul>\n        <\/div>\n        \n    <\/div>\n<\/div><\/div>\n","protected":false},"excerpt":{"rendered":"<p>Le Mardi 15 Novembre, de 10h30 \u00e0 12h00, les \u00e9l\u00e8ves de la 4e C et leur professeur de fran\u00e7ais Mme LARRIBE, ont eu l\u2019opportunit\u00e9 de rencontrer au CDI, Dimitry Elias LEGER, auteur du roman \u00ab&nbsp;God loves Ha\u00efti&nbsp;\u00bb. Apr\u00e8s les pr\u00e9sentations &hellip; <a href=\"https:\/\/site.ac-martinique.fr\/clg-hubertnero\/?p=391\">Continuer la lecture <span class=\"meta-nav\">&rarr;<\/span><\/a><\/p>\n","protected":false},"author":257,"featured_media":0,"comment_status":"closed","ping_status":"closed","sticky":false,"template":"","format":"standard","meta":{"footnotes":""},"categories":[1],"tags":[],"class_list":["post-391","post","type-post","status-publish","format-standard","hentry","category-non-classe"],"_links":{"self":[{"href":"https:\/\/site.ac-martinique.fr\/clg-hubertnero\/index.php?rest_route=\/wp\/v2\/posts\/391","targetHints":{"allow":["GET"]}}],"collection":[{"href":"https:\/\/site.ac-martinique.fr\/clg-hubertnero\/index.php?rest_route=\/wp\/v2\/posts"}],"about":[{"href":"https:\/\/site.ac-martinique.fr\/clg-hubertnero\/index.php?rest_route=\/wp\/v2\/types\/post"}],"author":[{"embeddable":true,"href":"https:\/\/site.ac-martinique.fr\/clg-hubertnero\/index.php?rest_route=\/wp\/v2\/users\/257"}],"replies":[{"embeddable":true,"href":"https:\/\/site.ac-martinique.fr\/clg-hubertnero\/index.php?rest_route=%2Fwp%2Fv2%2Fcomments&post=391"}],"version-history":[{"count":3,"href":"https:\/\/site.ac-martinique.fr\/clg-hubertnero\/index.php?rest_route=\/wp\/v2\/posts\/391\/revisions"}],"predecessor-version":[{"id":399,"href":"https:\/\/site.ac-martinique.fr\/clg-hubertnero\/index.php?rest_route=\/wp\/v2\/posts\/391\/revisions\/399"}],"wp:attachment":[{"href":"https:\/\/site.ac-martinique.fr\/clg-hubertnero\/index.php?rest_route=%2Fwp%2Fv2%2Fmedia&parent=391"}],"wp:term":[{"taxonomy":"category","embeddable":true,"href":"https:\/\/site.ac-martinique.fr\/clg-hubertnero\/index.php?rest_route=%2Fwp%2Fv2%2Fcategories&post=391"},{"taxonomy":"post_tag","embeddable":true,"href":"https:\/\/site.ac-martinique.fr\/clg-hubertnero\/index.php?rest_route=%2Fwp%2Fv2%2Ftags&post=391"}],"curies":[{"name":"wp","href":"https:\/\/api.w.org\/{rel}","templated":true}]}}