{"id":892,"date":"2025-02-12T04:33:30","date_gmt":"2025-02-12T08:33:30","guid":{"rendered":"https:\/\/site.ac-martinique.fr\/clg-hubertnero\/?p=892"},"modified":"2025-03-10T19:12:50","modified_gmt":"2025-03-10T23:12:50","slug":"892","status":"publish","type":"post","link":"https:\/\/site.ac-martinique.fr\/clg-hubertnero\/?p=892","title":{"rendered":""},"content":{"rendered":"\n<figure class=\"wp-block-image size-full\"><img loading=\"lazy\" decoding=\"async\" width=\"731\" height=\"212\" src=\"https:\/\/site.ac-martinique.fr\/clg-hubertnero\/wp-content\/uploads\/sites\/98\/2025\/02\/A.png\" alt=\"\" class=\"wp-image-894\" srcset=\"https:\/\/site.ac-martinique.fr\/clg-hubertnero\/wp-content\/uploads\/sites\/98\/2025\/02\/A.png 731w, https:\/\/site.ac-martinique.fr\/clg-hubertnero\/wp-content\/uploads\/sites\/98\/2025\/02\/A-300x87.png 300w\" sizes=\"auto, (max-width: 731px) 100vw, 731px\" \/><\/figure>\n\n\n<p>Organis\u00e9 au sein de l\u2019\u00e9tablissement par M Sebas, les \u00e9l\u00e8ves de 4\u00e8me et 3\u00e8me ont particip\u00e9 durant la semaine du 27 au 31 janvier au 34<sup>\u00e8me<\/sup> rallye Math\u00e9matiques.<\/p>\n<p>Retrouve en pi\u00e8ce jointe, le corrig\u00e9 de l\u2019\u00e9preuve. D\u00e9fie, pourquoi pas, tes parents par la suite !<\/p>\n<p style=\"text-align: right;\">M<sup>me<\/sup> G.Edouard-Rose<\/p>\n<p style=\"text-align: right;\">\u00a0\u00a0\u00a0\u00a0\u00a0\u00a0\u00a0\u00a0\u00a0\u00a0\u00a0\u00a0\u00a0\u00a0\u00a0\u00a0\u00a0\u00a0\u00a0\u00a0\u00a0\u00a0\u00a0\u00a0\u00a0\u00a0\u00a0\u00a0\u00a0\u00a0\u00a0\u00a0\u00a0\u00a0\u00a0\u00a0\u00a0\u00a0\u00a0\u00a0\u00a0\u00a0\u00a0\u00a0\u00a0\u00a0\u00a0\u00a0\u00a0\u00a0\u00a0\u00a0\u00a0\u00a0\u00a0\u00a0\u00a0\u00a0\u00a0\u00a0\u00a0\u00a0\u00a0\u00a0\u00a0\u00a0\u00a0\u00a0\u00a0\u00a0\u00a0\u00a0\u00a0\u00a0\u00a0\u00a0\u00a0\u00a0\u00a0\u00a0\u00a0\u00a0\u00a0\u00a0\u00a0\u00a0\u00a0\u00a0\u00a0\u00a0\u00a0\u00a0\u00a0\u00a0\u00a0 Professeure de math\u00e9matiques<\/p>\n\n\n<div class=\"wp-block-media-text is-stacked-on-mobile is-vertically-aligned-bottom\" style=\"grid-template-columns:22% auto\"><figure class=\"wp-block-media-text__media\"><img loading=\"lazy\" decoding=\"async\" width=\"256\" height=\"273\" src=\"https:\/\/site.ac-martinique.fr\/clg-hubertnero\/wp-content\/uploads\/sites\/98\/2025\/02\/B.png\" alt=\"\" class=\"wp-image-895 size-full\"\/><\/figure><div class=\"wp-block-media-text__content\">\n<p><a href=\"https:\/\/site.ac-martinique.fr\/clg-hubertnero\/?page_id=906\" data-type=\"page\" data-id=\"906\">Sujet du rallye maths<\/a><\/p>\n\n\n\n<p><a href=\"https:\/\/site.ac-martinique.fr\/clg-hubertnero\/?page_id=897\" data-type=\"page\" data-id=\"897\">Correction du rallye MATHS Antilles<\/a><\/p>\n<\/div><\/div>\n\n\n\n<p><\/p>\n","protected":false},"excerpt":{"rendered":"<p>Organis\u00e9 au sein de l\u2019\u00e9tablissement par M Sebas, les \u00e9l\u00e8ves de 4\u00e8me et 3\u00e8me ont particip\u00e9 durant la semaine du 27 au 31 janvier au 34\u00e8me rallye Math\u00e9matiques. Retrouve en pi\u00e8ce jointe, le corrig\u00e9 de l\u2019\u00e9preuve. D\u00e9fie, pourquoi pas, tes &hellip; <a href=\"https:\/\/site.ac-martinique.fr\/clg-hubertnero\/?p=892\">Continuer la lecture <span class=\"meta-nav\">&rarr;<\/span><\/a><\/p>\n","protected":false},"author":257,"featured_media":0,"comment_status":"closed","ping_status":"closed","sticky":false,"template":"","format":"standard","meta":{"footnotes":""},"categories":[1],"tags":[],"class_list":["post-892","post","type-post","status-publish","format-standard","hentry","category-non-classe"],"_links":{"self":[{"href":"https:\/\/site.ac-martinique.fr\/clg-hubertnero\/index.php?rest_route=\/wp\/v2\/posts\/892","targetHints":{"allow":["GET"]}}],"collection":[{"href":"https:\/\/site.ac-martinique.fr\/clg-hubertnero\/index.php?rest_route=\/wp\/v2\/posts"}],"about":[{"href":"https:\/\/site.ac-martinique.fr\/clg-hubertnero\/index.php?rest_route=\/wp\/v2\/types\/post"}],"author":[{"embeddable":true,"href":"https:\/\/site.ac-martinique.fr\/clg-hubertnero\/index.php?rest_route=\/wp\/v2\/users\/257"}],"replies":[{"embeddable":true,"href":"https:\/\/site.ac-martinique.fr\/clg-hubertnero\/index.php?rest_route=%2Fwp%2Fv2%2Fcomments&post=892"}],"version-history":[{"count":5,"href":"https:\/\/site.ac-martinique.fr\/clg-hubertnero\/index.php?rest_route=\/wp\/v2\/posts\/892\/revisions"}],"predecessor-version":[{"id":910,"href":"https:\/\/site.ac-martinique.fr\/clg-hubertnero\/index.php?rest_route=\/wp\/v2\/posts\/892\/revisions\/910"}],"wp:attachment":[{"href":"https:\/\/site.ac-martinique.fr\/clg-hubertnero\/index.php?rest_route=%2Fwp%2Fv2%2Fmedia&parent=892"}],"wp:term":[{"taxonomy":"category","embeddable":true,"href":"https:\/\/site.ac-martinique.fr\/clg-hubertnero\/index.php?rest_route=%2Fwp%2Fv2%2Fcategories&post=892"},{"taxonomy":"post_tag","embeddable":true,"href":"https:\/\/site.ac-martinique.fr\/clg-hubertnero\/index.php?rest_route=%2Fwp%2Fv2%2Ftags&post=892"}],"curies":[{"name":"wp","href":"https:\/\/api.w.org\/{rel}","templated":true}]}}