{"id":987,"date":"2025-12-08T04:15:16","date_gmt":"2025-12-08T08:15:16","guid":{"rendered":"https:\/\/site.ac-martinique.fr\/clg-hubertnero\/?p=987"},"modified":"2025-12-08T04:15:17","modified_gmt":"2025-12-08T08:15:17","slug":"une-semaine-pour-sensibiliser-les-eleves-contre-le-harcelement","status":"publish","type":"post","link":"https:\/\/site.ac-martinique.fr\/clg-hubertnero\/?p=987","title":{"rendered":"Une  semaine pour sensibiliser les \u00e9l\u00e8ves contre le harc\u00e8lement"},"content":{"rendered":"\n<figure class=\"wp-block-image size-large\"><img loading=\"lazy\" decoding=\"async\" width=\"1024\" height=\"768\" src=\"https:\/\/site.ac-martinique.fr\/clg-hubertnero\/wp-content\/uploads\/sites\/98\/2025\/12\/IMG_20251106_071716455-1024x768.jpg\" alt=\"\" class=\"wp-image-992\" srcset=\"https:\/\/site.ac-martinique.fr\/clg-hubertnero\/wp-content\/uploads\/sites\/98\/2025\/12\/IMG_20251106_071716455-1024x768.jpg 1024w, https:\/\/site.ac-martinique.fr\/clg-hubertnero\/wp-content\/uploads\/sites\/98\/2025\/12\/IMG_20251106_071716455-300x225.jpg 300w, https:\/\/site.ac-martinique.fr\/clg-hubertnero\/wp-content\/uploads\/sites\/98\/2025\/12\/IMG_20251106_071716455-768x576.jpg 768w, https:\/\/site.ac-martinique.fr\/clg-hubertnero\/wp-content\/uploads\/sites\/98\/2025\/12\/IMG_20251106_071716455-1536x1152.jpg 1536w, https:\/\/site.ac-martinique.fr\/clg-hubertnero\/wp-content\/uploads\/sites\/98\/2025\/12\/IMG_20251106_071716455-2048x1536.jpg 2048w\" sizes=\"auto, (max-width: 1024px) 100vw, 1024px\" \/><\/figure>\n\n\n\n<p>Dans le cadre de la journ\u00e9e national du Harc\u00e8lement, les \u00e9l\u00e8ves du club artistique et culturel ont interpr\u00e9t\u00e9 un chant de Clara Luciani et mis en sc\u00e8ne chor\u00e9graphie afin de sensibiliser leurs camarades au harc\u00e8lement en milieu scolaire.   <\/p>\n\n\n\n<p class=\"has-text-align-right\">Mme Eloise<\/p>\n\n\n\n<p>Vous pouvez regarder la vid\u00e9o en cliquant sur lien ci-dessous.<\/p>\n\n\n\n<p><a href=\"https:\/\/podeduc.apps.education.fr\/video\/114501-lutte-contre-le-harcelement-au-college-hubert-nero\/\">https:\/\/podeduc.apps.education.fr\/video\/114501-lutte-contre-le-harcelement-au-college-hubert-nero\/<\/a> <\/p>\n","protected":false},"excerpt":{"rendered":"<p>Dans le cadre de la journ\u00e9e national du Harc\u00e8lement, les \u00e9l\u00e8ves du club artistique et culturel ont interpr\u00e9t\u00e9 un chant de Clara Luciani et mis en sc\u00e8ne chor\u00e9graphie afin de sensibiliser leurs camarades au harc\u00e8lement en milieu scolaire. Mme Eloise &hellip; <a href=\"https:\/\/site.ac-martinique.fr\/clg-hubertnero\/?p=987\">Continuer la lecture <span class=\"meta-nav\">&rarr;<\/span><\/a><\/p>\n","protected":false},"author":257,"featured_media":0,"comment_status":"closed","ping_status":"closed","sticky":false,"template":"","format":"standard","meta":{"footnotes":""},"categories":[1],"tags":[],"class_list":["post-987","post","type-post","status-publish","format-standard","hentry","category-non-classe"],"_links":{"self":[{"href":"https:\/\/site.ac-martinique.fr\/clg-hubertnero\/index.php?rest_route=\/wp\/v2\/posts\/987","targetHints":{"allow":["GET"]}}],"collection":[{"href":"https:\/\/site.ac-martinique.fr\/clg-hubertnero\/index.php?rest_route=\/wp\/v2\/posts"}],"about":[{"href":"https:\/\/site.ac-martinique.fr\/clg-hubertnero\/index.php?rest_route=\/wp\/v2\/types\/post"}],"author":[{"embeddable":true,"href":"https:\/\/site.ac-martinique.fr\/clg-hubertnero\/index.php?rest_route=\/wp\/v2\/users\/257"}],"replies":[{"embeddable":true,"href":"https:\/\/site.ac-martinique.fr\/clg-hubertnero\/index.php?rest_route=%2Fwp%2Fv2%2Fcomments&post=987"}],"version-history":[{"count":5,"href":"https:\/\/site.ac-martinique.fr\/clg-hubertnero\/index.php?rest_route=\/wp\/v2\/posts\/987\/revisions"}],"predecessor-version":[{"id":994,"href":"https:\/\/site.ac-martinique.fr\/clg-hubertnero\/index.php?rest_route=\/wp\/v2\/posts\/987\/revisions\/994"}],"wp:attachment":[{"href":"https:\/\/site.ac-martinique.fr\/clg-hubertnero\/index.php?rest_route=%2Fwp%2Fv2%2Fmedia&parent=987"}],"wp:term":[{"taxonomy":"category","embeddable":true,"href":"https:\/\/site.ac-martinique.fr\/clg-hubertnero\/index.php?rest_route=%2Fwp%2Fv2%2Fcategories&post=987"},{"taxonomy":"post_tag","embeddable":true,"href":"https:\/\/site.ac-martinique.fr\/clg-hubertnero\/index.php?rest_route=%2Fwp%2Fv2%2Ftags&post=987"}],"curies":[{"name":"wp","href":"https:\/\/api.w.org\/{rel}","templated":true}]}}