{"id":1917,"date":"2021-12-07T12:36:57","date_gmt":"2021-12-07T16:36:57","guid":{"rendered":"https:\/\/site.ac-martinique.fr\/clg-isidorepelage\/?p=1917"},"modified":"2021-12-07T12:37:12","modified_gmt":"2021-12-07T16:37:12","slug":"distribution-dautotests-aux-eleves-de-6","status":"publish","type":"post","link":"https:\/\/site.ac-martinique.fr\/clg-isidorepelage\/?p=1917","title":{"rendered":"Distribution d&rsquo;autotests aux \u00e9l\u00e8ves de 6\u00b0"},"content":{"rendered":"\n<p>Dans le contexte de la circulation du virus, le minist\u00e8re de l\u2019Education nationale a d\u00e9cid\u00e9 la distribution d\u2019autotests antig\u00e9niques nasaux aux \u00e9l\u00e8ves scolaris\u00e9s en 6\u00b0 (5 autotests par \u00e9l\u00e8ve).<br>Cette distribution sera assur\u00e9e par l&rsquo;infirmi\u00e8re le mercredi 8 d\u00e9cembre.<br>Les modalit\u00e9s d\u2019utilisation de ces autotests sont indiqu\u00e9es dans le \u00ab Petit guide d\u2019utilisation de l\u2019autotest nasal pour l\u2019enfant \u00bb que vous trouverez ci-joint (il indique \u00e9galement la conduite \u00e0 tenir en fonction du r\u00e9sultat de l\u2019autotest).<br>La direction<\/p>\n\n\n\n<div data-wp-interactive=\"core\/file\" class=\"wp-block-file\"><object data-wp-bind--hidden=\"!state.hasPdfPreview\" hidden class=\"wp-block-file__embed\" data=\"https:\/\/site.ac-martinique.fr\/clg-isidorepelage\/wp-content\/uploads\/sites\/62\/2021\/12\/guide_auto-test_enfants.pdf\" type=\"application\/pdf\" style=\"width:100%;height:600px\" aria-label=\"Contenu embarqu\u00e9 Contenu embarqu\u00e9 guide_auto-test_enfants..\"><\/object><a href=\"https:\/\/site.ac-martinique.fr\/clg-isidorepelage\/wp-content\/uploads\/sites\/62\/2021\/12\/guide_auto-test_enfants.pdf\">guide_auto-test_enfants<\/a><a href=\"https:\/\/site.ac-martinique.fr\/clg-isidorepelage\/wp-content\/uploads\/sites\/62\/2021\/12\/guide_auto-test_enfants.pdf\" class=\"wp-block-file__button\" download>T\u00e9l\u00e9charger<\/a><\/div>\n","protected":false},"excerpt":{"rendered":"<p>Dans le contexte de la circulation du virus, le minist\u00e8re de l\u2019Education nationale a d\u00e9cid\u00e9 la distribution d\u2019autotests antig\u00e9niques nasaux aux \u00e9l\u00e8ves scolaris\u00e9s en 6\u00b0 (5 autotests par \u00e9l\u00e8ve).Cette distribution sera assur\u00e9e par l&rsquo;infirmi\u00e8re le mercredi 8 d\u00e9cembre.Les modalit\u00e9s d\u2019utilisation de ces autotests sont indiqu\u00e9es dans le \u00ab Petit guide d\u2019utilisation de l\u2019autotest nasal pour l\u2019enfant \u00bb que vous trouverez ci-joint (il indique \u00e9galement la conduite \u00e0 tenir en fonction du r\u00e9sultat de l\u2019autotest).La direction<\/p>\n","protected":false},"author":157,"featured_media":0,"comment_status":"closed","ping_status":"open","sticky":false,"template":"","format":"standard","meta":{"footnotes":""},"categories":[1],"tags":[],"class_list":["post-1917","post","type-post","status-publish","format-standard","hentry","category-non-classe"],"_links":{"self":[{"href":"https:\/\/site.ac-martinique.fr\/clg-isidorepelage\/index.php?rest_route=\/wp\/v2\/posts\/1917","targetHints":{"allow":["GET"]}}],"collection":[{"href":"https:\/\/site.ac-martinique.fr\/clg-isidorepelage\/index.php?rest_route=\/wp\/v2\/posts"}],"about":[{"href":"https:\/\/site.ac-martinique.fr\/clg-isidorepelage\/index.php?rest_route=\/wp\/v2\/types\/post"}],"author":[{"embeddable":true,"href":"https:\/\/site.ac-martinique.fr\/clg-isidorepelage\/index.php?rest_route=\/wp\/v2\/users\/157"}],"replies":[{"embeddable":true,"href":"https:\/\/site.ac-martinique.fr\/clg-isidorepelage\/index.php?rest_route=%2Fwp%2Fv2%2Fcomments&post=1917"}],"version-history":[{"count":1,"href":"https:\/\/site.ac-martinique.fr\/clg-isidorepelage\/index.php?rest_route=\/wp\/v2\/posts\/1917\/revisions"}],"predecessor-version":[{"id":1919,"href":"https:\/\/site.ac-martinique.fr\/clg-isidorepelage\/index.php?rest_route=\/wp\/v2\/posts\/1917\/revisions\/1919"}],"wp:attachment":[{"href":"https:\/\/site.ac-martinique.fr\/clg-isidorepelage\/index.php?rest_route=%2Fwp%2Fv2%2Fmedia&parent=1917"}],"wp:term":[{"taxonomy":"category","embeddable":true,"href":"https:\/\/site.ac-martinique.fr\/clg-isidorepelage\/index.php?rest_route=%2Fwp%2Fv2%2Fcategories&post=1917"},{"taxonomy":"post_tag","embeddable":true,"href":"https:\/\/site.ac-martinique.fr\/clg-isidorepelage\/index.php?rest_route=%2Fwp%2Fv2%2Ftags&post=1917"}],"curies":[{"name":"wp","href":"https:\/\/api.w.org\/{rel}","templated":true}]}}