{"id":2090,"date":"2023-03-01T10:09:27","date_gmt":"2023-03-01T14:09:27","guid":{"rendered":"https:\/\/site.ac-martinique.fr\/clg-isidorepelage\/?p=2090"},"modified":"2023-03-01T10:09:27","modified_gmt":"2023-03-01T14:09:27","slug":"journees-portes-ouvertes","status":"publish","type":"post","link":"https:\/\/site.ac-martinique.fr\/clg-isidorepelage\/?p=2090","title":{"rendered":"Journ\u00e9es portes ouvertes"},"content":{"rendered":"\n<p>vous trouverez ci-dessous la programmation des journ\u00e9es portes ouvertes organis\u00e9es par les lyc\u00e9es professionnnels :<\/p>\n\n\n\n<p>Le jeudi 2 mars de 8h \u00e0 16h : LP L\u00e9opold BISSOL (m\u00e9tiers de la construction et de inhabitant)  <\/p>\n\n\n\n<figure class=\"wp-block-image size-full\"><a href=\"https:\/\/site.ac-martinique.fr\/clg-isidorepelage\/wp-content\/uploads\/sites\/62\/2023\/03\/Affiche_JPO_Bissol.jpg\"><img loading=\"lazy\" decoding=\"async\" width=\"608\" height=\"812\" src=\"https:\/\/site.ac-martinique.fr\/clg-isidorepelage\/wp-content\/uploads\/sites\/62\/2023\/03\/Affiche_JPO_Bissol.jpg\" alt=\"\" class=\"wp-image-2091\" srcset=\"https:\/\/site.ac-martinique.fr\/clg-isidorepelage\/wp-content\/uploads\/sites\/62\/2023\/03\/Affiche_JPO_Bissol.jpg 608w, https:\/\/site.ac-martinique.fr\/clg-isidorepelage\/wp-content\/uploads\/sites\/62\/2023\/03\/Affiche_JPO_Bissol-225x300.jpg 225w\" sizes=\"auto, (max-width: 608px) 100vw, 608px\" \/><\/a><\/figure>\n\n\n\n<p>Le vendredi 3 mars de 8h \u00e0 13h : LP Lumina SOPHIE (m\u00e9tiers de la relation client) \u00e0 Schoelcher :<\/p>\n\n\n\n<figure class=\"wp-block-image size-full\"><a href=\"https:\/\/site.ac-martinique.fr\/clg-isidorepelage\/wp-content\/uploads\/sites\/62\/2023\/03\/Affiche_JPO_Lumina_SOPHIE.jpg\"><img loading=\"lazy\" decoding=\"async\" width=\"571\" height=\"809\" src=\"https:\/\/site.ac-martinique.fr\/clg-isidorepelage\/wp-content\/uploads\/sites\/62\/2023\/03\/Affiche_JPO_Lumina_SOPHIE.jpg\" alt=\"\" class=\"wp-image-2092\" srcset=\"https:\/\/site.ac-martinique.fr\/clg-isidorepelage\/wp-content\/uploads\/sites\/62\/2023\/03\/Affiche_JPO_Lumina_SOPHIE.jpg 571w, https:\/\/site.ac-martinique.fr\/clg-isidorepelage\/wp-content\/uploads\/sites\/62\/2023\/03\/Affiche_JPO_Lumina_SOPHIE-212x300.jpg 212w\" sizes=\"auto, (max-width: 571px) 100vw, 571px\" \/><\/a><\/figure>\n\n\n\n<p>le vendredi 10 mars de 8h30 \u00e0 16h : LP Ch\u00e4teauboeuf \u00e0 Fort de France :<\/p>\n\n\n\n<figure class=\"wp-block-image size-large\"><a href=\"https:\/\/site.ac-martinique.fr\/clg-isidorepelage\/wp-content\/uploads\/sites\/62\/2023\/03\/JPO-LP-Chateauboeuf.jpg\"><img loading=\"lazy\" decoding=\"async\" width=\"724\" height=\"1024\" src=\"https:\/\/site.ac-martinique.fr\/clg-isidorepelage\/wp-content\/uploads\/sites\/62\/2023\/03\/JPO-LP-Chateauboeuf-724x1024.jpg\" alt=\"\" class=\"wp-image-2093\" srcset=\"https:\/\/site.ac-martinique.fr\/clg-isidorepelage\/wp-content\/uploads\/sites\/62\/2023\/03\/JPO-LP-Chateauboeuf-724x1024.jpg 724w, https:\/\/site.ac-martinique.fr\/clg-isidorepelage\/wp-content\/uploads\/sites\/62\/2023\/03\/JPO-LP-Chateauboeuf-212x300.jpg 212w, https:\/\/site.ac-martinique.fr\/clg-isidorepelage\/wp-content\/uploads\/sites\/62\/2023\/03\/JPO-LP-Chateauboeuf-768x1086.jpg 768w, https:\/\/site.ac-martinique.fr\/clg-isidorepelage\/wp-content\/uploads\/sites\/62\/2023\/03\/JPO-LP-Chateauboeuf-1086x1536.jpg 1086w, https:\/\/site.ac-martinique.fr\/clg-isidorepelage\/wp-content\/uploads\/sites\/62\/2023\/03\/JPO-LP-Chateauboeuf.jpg 1240w\" sizes=\"auto, (max-width: 724px) 100vw, 724px\" \/><\/a><\/figure>\n\n\n\n<p>La direction<\/p>\n","protected":false},"excerpt":{"rendered":"<p>vous trouverez ci-dessous la programmation des journ\u00e9es portes ouvertes organis\u00e9es par les lyc\u00e9es professionnnels : Le jeudi 2 mars de 8h \u00e0 16h : LP L\u00e9opold BISSOL (m\u00e9tiers de la construction et de inhabitant) Le vendredi 3 mars de 8h \u00e0 13h : LP Lumina SOPHIE (m\u00e9tiers de la relation client) \u00e0 Schoelcher : le vendredi 10 mars de 8h30 \u00e0 16h : LP Ch\u00e4teauboeuf \u00e0 Fort de France : La direction<\/p>\n","protected":false},"author":151,"featured_media":0,"comment_status":"closed","ping_status":"open","sticky":false,"template":"","format":"standard","meta":{"footnotes":""},"categories":[1],"tags":[],"class_list":["post-2090","post","type-post","status-publish","format-standard","hentry","category-non-classe"],"_links":{"self":[{"href":"https:\/\/site.ac-martinique.fr\/clg-isidorepelage\/index.php?rest_route=\/wp\/v2\/posts\/2090","targetHints":{"allow":["GET"]}}],"collection":[{"href":"https:\/\/site.ac-martinique.fr\/clg-isidorepelage\/index.php?rest_route=\/wp\/v2\/posts"}],"about":[{"href":"https:\/\/site.ac-martinique.fr\/clg-isidorepelage\/index.php?rest_route=\/wp\/v2\/types\/post"}],"author":[{"embeddable":true,"href":"https:\/\/site.ac-martinique.fr\/clg-isidorepelage\/index.php?rest_route=\/wp\/v2\/users\/151"}],"replies":[{"embeddable":true,"href":"https:\/\/site.ac-martinique.fr\/clg-isidorepelage\/index.php?rest_route=%2Fwp%2Fv2%2Fcomments&post=2090"}],"version-history":[{"count":1,"href":"https:\/\/site.ac-martinique.fr\/clg-isidorepelage\/index.php?rest_route=\/wp\/v2\/posts\/2090\/revisions"}],"predecessor-version":[{"id":2094,"href":"https:\/\/site.ac-martinique.fr\/clg-isidorepelage\/index.php?rest_route=\/wp\/v2\/posts\/2090\/revisions\/2094"}],"wp:attachment":[{"href":"https:\/\/site.ac-martinique.fr\/clg-isidorepelage\/index.php?rest_route=%2Fwp%2Fv2%2Fmedia&parent=2090"}],"wp:term":[{"taxonomy":"category","embeddable":true,"href":"https:\/\/site.ac-martinique.fr\/clg-isidorepelage\/index.php?rest_route=%2Fwp%2Fv2%2Fcategories&post=2090"},{"taxonomy":"post_tag","embeddable":true,"href":"https:\/\/site.ac-martinique.fr\/clg-isidorepelage\/index.php?rest_route=%2Fwp%2Fv2%2Ftags&post=2090"}],"curies":[{"name":"wp","href":"https:\/\/api.w.org\/{rel}","templated":true}]}}