{"id":2122,"date":"2023-06-22T17:03:48","date_gmt":"2023-06-22T21:03:48","guid":{"rendered":"https:\/\/site.ac-martinique.fr\/clg-isidorepelage\/?p=2122"},"modified":"2023-06-22T17:03:48","modified_gmt":"2023-06-22T21:03:48","slug":"calendriers-et-procedures-dinscription-dans-les-lycees","status":"publish","type":"post","link":"https:\/\/site.ac-martinique.fr\/clg-isidorepelage\/?p=2122","title":{"rendered":"Calendriers et proc\u00e9dures d&rsquo;inscription dans les lyc\u00e9es"},"content":{"rendered":"\n<p>Vous trouverez ci-dessous les calendriers d&rsquo;inscription dans les diff\u00e9rents lyc\u00e9es pour la rentr\u00e9e 2023-2024 :<\/p>\n\n\n\n<div data-wp-interactive=\"core\/file\" class=\"wp-block-file\"><object data-wp-bind--hidden=\"!state.hasPdfPreview\" hidden class=\"wp-block-file__embed\" data=\"https:\/\/site.ac-martinique.fr\/clg-isidorepelage\/wp-content\/uploads\/sites\/62\/2023\/06\/Inscription_Lycee_Montgerald.pdf\" type=\"application\/pdf\" style=\"width:100%;height:600px\" aria-label=\"Contenu embarqu\u00e9 Inscription_Lycee_Montgerald.\"><\/object><a id=\"wp-block-file--media-be6836ac-70c5-414a-9434-5dc1f1c2a128\" href=\"https:\/\/site.ac-martinique.fr\/clg-isidorepelage\/wp-content\/uploads\/sites\/62\/2023\/06\/Inscription_Lycee_Montgerald.pdf\">Inscription_Lycee_Montgerald<\/a><a href=\"https:\/\/site.ac-martinique.fr\/clg-isidorepelage\/wp-content\/uploads\/sites\/62\/2023\/06\/Inscription_Lycee_Montgerald.pdf\" class=\"wp-block-file__button wp-element-button\" download aria-describedby=\"wp-block-file--media-be6836ac-70c5-414a-9434-5dc1f1c2a128\">T\u00e9l\u00e9charger<\/a><\/div>\n\n\n\n<div data-wp-interactive=\"core\/file\" class=\"wp-block-file\"><object data-wp-bind--hidden=\"!state.hasPdfPreview\" hidden class=\"wp-block-file__embed\" data=\"https:\/\/site.ac-martinique.fr\/clg-isidorepelage\/wp-content\/uploads\/sites\/62\/2023\/06\/Inscription_Lycee_Raymond_Neris.pdf\" type=\"application\/pdf\" style=\"width:100%;height:600px\" aria-label=\"Contenu embarqu\u00e9 Inscription_Lycee_Raymond_Neris.\"><\/object><a id=\"wp-block-file--media-4cc3f71d-5a93-48cf-bd05-c2bac551980c\" href=\"https:\/\/site.ac-martinique.fr\/clg-isidorepelage\/wp-content\/uploads\/sites\/62\/2023\/06\/Inscription_Lycee_Raymond_Neris.pdf\">Inscription_Lycee_Raymond_Neris<\/a><a href=\"https:\/\/site.ac-martinique.fr\/clg-isidorepelage\/wp-content\/uploads\/sites\/62\/2023\/06\/Inscription_Lycee_Raymond_Neris.pdf\" class=\"wp-block-file__button wp-element-button\" download aria-describedby=\"wp-block-file--media-4cc3f71d-5a93-48cf-bd05-c2bac551980c\">T\u00e9l\u00e9charger<\/a><\/div>\n\n\n\n<div data-wp-interactive=\"core\/file\" class=\"wp-block-file\"><object data-wp-bind--hidden=\"!state.hasPdfPreview\" hidden class=\"wp-block-file__embed\" data=\"https:\/\/site.ac-martinique.fr\/clg-isidorepelage\/wp-content\/uploads\/sites\/62\/2023\/06\/Inscription_Lycee_Andre_Aliker.pdf\" type=\"application\/pdf\" style=\"width:100%;height:600px\" aria-label=\"Contenu embarqu\u00e9 Inscription_Lycee_Andre_Aliker.\"><\/object><a id=\"wp-block-file--media-3588451c-b0c5-4c35-b459-a4a284b10e8c\" href=\"https:\/\/site.ac-martinique.fr\/clg-isidorepelage\/wp-content\/uploads\/sites\/62\/2023\/06\/Inscription_Lycee_Andre_Aliker.pdf\">Inscription_Lycee_Andre_Aliker<\/a><a href=\"https:\/\/site.ac-martinique.fr\/clg-isidorepelage\/wp-content\/uploads\/sites\/62\/2023\/06\/Inscription_Lycee_Andre_Aliker.pdf\" class=\"wp-block-file__button wp-element-button\" download aria-describedby=\"wp-block-file--media-3588451c-b0c5-4c35-b459-a4a284b10e8c\">T\u00e9l\u00e9charger<\/a><\/div>\n\n\n\n<div data-wp-interactive=\"core\/file\" class=\"wp-block-file\"><object data-wp-bind--hidden=\"!state.hasPdfPreview\" hidden class=\"wp-block-file__embed\" data=\"https:\/\/site.ac-martinique.fr\/clg-isidorepelage\/wp-content\/uploads\/sites\/62\/2023\/06\/Inscription_Lycee_Chateauboeuf.pdf\" type=\"application\/pdf\" style=\"width:100%;height:600px\" aria-label=\"Contenu embarqu\u00e9 Inscription_Lycee_Chateauboeuf.\"><\/object><a id=\"wp-block-file--media-824a742b-dcbe-4688-af12-16616bb2fb27\" href=\"https:\/\/site.ac-martinique.fr\/clg-isidorepelage\/wp-content\/uploads\/sites\/62\/2023\/06\/Inscription_Lycee_Chateauboeuf.pdf\">Inscription_Lycee_Chateauboeuf<\/a><a href=\"https:\/\/site.ac-martinique.fr\/clg-isidorepelage\/wp-content\/uploads\/sites\/62\/2023\/06\/Inscription_Lycee_Chateauboeuf.pdf\" class=\"wp-block-file__button wp-element-button\" download aria-describedby=\"wp-block-file--media-824a742b-dcbe-4688-af12-16616bb2fb27\">T\u00e9l\u00e9charger<\/a><\/div>\n\n\n\n<div data-wp-interactive=\"core\/file\" class=\"wp-block-file\"><object data-wp-bind--hidden=\"!state.hasPdfPreview\" hidden class=\"wp-block-file__embed\" data=\"https:\/\/site.ac-martinique.fr\/clg-isidorepelage\/wp-content\/uploads\/sites\/62\/2023\/06\/Inscription_Lycee_Joseph_Gaillard.pdf\" type=\"application\/pdf\" style=\"width:100%;height:600px\" aria-label=\"Contenu embarqu\u00e9 Inscription_Lycee_Joseph_Gaillard.\"><\/object><a id=\"wp-block-file--media-6b05fbee-abde-4ebc-937f-9095d2bd585c\" href=\"https:\/\/site.ac-martinique.fr\/clg-isidorepelage\/wp-content\/uploads\/sites\/62\/2023\/06\/Inscription_Lycee_Joseph_Gaillard.pdf\">Inscription_Lycee_Joseph_Gaillard<\/a><a href=\"https:\/\/site.ac-martinique.fr\/clg-isidorepelage\/wp-content\/uploads\/sites\/62\/2023\/06\/Inscription_Lycee_Joseph_Gaillard.pdf\" class=\"wp-block-file__button wp-element-button\" download aria-describedby=\"wp-block-file--media-6b05fbee-abde-4ebc-937f-9095d2bd585c\">T\u00e9l\u00e9charger<\/a><\/div>\n","protected":false},"excerpt":{"rendered":"<p>Vous trouverez ci-dessous les calendriers d&rsquo;inscription dans les diff\u00e9rents lyc\u00e9es pour la rentr\u00e9e 2023-2024 :<\/p>\n","protected":false},"author":151,"featured_media":0,"comment_status":"closed","ping_status":"open","sticky":false,"template":"","format":"standard","meta":{"footnotes":""},"categories":[1],"tags":[],"class_list":["post-2122","post","type-post","status-publish","format-standard","hentry","category-non-classe"],"_links":{"self":[{"href":"https:\/\/site.ac-martinique.fr\/clg-isidorepelage\/index.php?rest_route=\/wp\/v2\/posts\/2122","targetHints":{"allow":["GET"]}}],"collection":[{"href":"https:\/\/site.ac-martinique.fr\/clg-isidorepelage\/index.php?rest_route=\/wp\/v2\/posts"}],"about":[{"href":"https:\/\/site.ac-martinique.fr\/clg-isidorepelage\/index.php?rest_route=\/wp\/v2\/types\/post"}],"author":[{"embeddable":true,"href":"https:\/\/site.ac-martinique.fr\/clg-isidorepelage\/index.php?rest_route=\/wp\/v2\/users\/151"}],"replies":[{"embeddable":true,"href":"https:\/\/site.ac-martinique.fr\/clg-isidorepelage\/index.php?rest_route=%2Fwp%2Fv2%2Fcomments&post=2122"}],"version-history":[{"count":1,"href":"https:\/\/site.ac-martinique.fr\/clg-isidorepelage\/index.php?rest_route=\/wp\/v2\/posts\/2122\/revisions"}],"predecessor-version":[{"id":2128,"href":"https:\/\/site.ac-martinique.fr\/clg-isidorepelage\/index.php?rest_route=\/wp\/v2\/posts\/2122\/revisions\/2128"}],"wp:attachment":[{"href":"https:\/\/site.ac-martinique.fr\/clg-isidorepelage\/index.php?rest_route=%2Fwp%2Fv2%2Fmedia&parent=2122"}],"wp:term":[{"taxonomy":"category","embeddable":true,"href":"https:\/\/site.ac-martinique.fr\/clg-isidorepelage\/index.php?rest_route=%2Fwp%2Fv2%2Fcategories&post=2122"},{"taxonomy":"post_tag","embeddable":true,"href":"https:\/\/site.ac-martinique.fr\/clg-isidorepelage\/index.php?rest_route=%2Fwp%2Fv2%2Ftags&post=2122"}],"curies":[{"name":"wp","href":"https:\/\/api.w.org\/{rel}","templated":true}]}}