{"id":2141,"date":"2023-08-22T16:19:44","date_gmt":"2023-08-22T20:19:44","guid":{"rendered":"https:\/\/site.ac-martinique.fr\/clg-isidorepelage\/?p=2141"},"modified":"2023-08-22T16:26:12","modified_gmt":"2023-08-22T20:26:12","slug":"le-college-recrute","status":"publish","type":"post","link":"https:\/\/site.ac-martinique.fr\/clg-isidorepelage\/?p=2141","title":{"rendered":"Le college recrute"},"content":{"rendered":"\n<p>Le coll\u00e8ge Isidore PELAGE recrute 2 volontaires en Service Civique pour la rentr\u00e9e 2023  pour les missions suivantes :<\/p>\n\n\n\n<p>&#8211; Participer \u00e0 la lutte contre le harc\u00e8lement scolaire<\/p>\n\n\n\n<p>&#8211; Contribuer \u00e0 des actions et projets d&rsquo;\u00e9ducation au d\u00e9veloppement durable<\/p>\n\n\n\n<p>&#8211; Contribuer \u00e0 des actions et projets dans le domaine de l&rsquo;\u00e9ducation artistique et culturelle et du sport<\/p>\n\n\n\n<p>&#8211; Accompagner des projets d&rsquo;\u00e9ducation \u00e0 la citoyennet\u00e9<\/p>\n\n\n\n<p>Le service civique est un engagement volontaire de 6 \u00e0 12 mois. <\/p>\n\n\n\n<p>D\u2019une dur\u00e9e hebdomadaire de 24 heures, il est indemnis\u00e9 609,96 \u20ac par mois.<\/p>\n\n\n\n<p><br>Les profils recherch\u00e9s sont jeunes de 16 \u00e0 25 ans (jusqu\u2019\u00e0 30 ans en situation de handicap),<\/p>\n\n\n\n<p>Les personnes int\u00e9ress\u00e9es son invit\u00e9es \u00e0 envoyer un CV et une lettre de motivation au coll\u00e8ge. <\/p>\n\n\n\n<div data-wp-interactive=\"core\/file\" class=\"wp-block-file\"><object data-wp-bind--hidden=\"!state.hasPdfPreview\" hidden class=\"wp-block-file__embed\" data=\"https:\/\/site.ac-martinique.fr\/clg-isidorepelage\/wp-content\/uploads\/sites\/62\/2023\/08\/0-Depliant_Service-civique_Faites-le-saut.pdf\" type=\"application\/pdf\" style=\"width:100%;height:600px\" aria-label=\"Contenu embarqu\u00e9 0-Depliant_Service-civique_Faites-le-saut.\"><\/object><a id=\"wp-block-file--media-f293bf2a-e5e6-4f9c-86a5-577c340001e9\" href=\"https:\/\/site.ac-martinique.fr\/clg-isidorepelage\/wp-content\/uploads\/sites\/62\/2023\/08\/0-Depliant_Service-civique_Faites-le-saut.pdf\">0-Depliant_Service-civique_Faites-le-saut<\/a><a href=\"https:\/\/site.ac-martinique.fr\/clg-isidorepelage\/wp-content\/uploads\/sites\/62\/2023\/08\/0-Depliant_Service-civique_Faites-le-saut.pdf\" class=\"wp-block-file__button wp-element-button\" download aria-describedby=\"wp-block-file--media-f293bf2a-e5e6-4f9c-86a5-577c340001e9\">T\u00e9l\u00e9charger<\/a><\/div>\n","protected":false},"excerpt":{"rendered":"<p>Le coll\u00e8ge Isidore PELAGE recrute 2 volontaires en Service Civique pour la rentr\u00e9e 2023 pour les missions suivantes : &#8211; Participer \u00e0 la lutte contre le harc\u00e8lement scolaire &#8211; Contribuer \u00e0 des actions et projets d&rsquo;\u00e9ducation au d\u00e9veloppement durable &#8211; Contribuer \u00e0 des actions et projets dans le domaine de l&rsquo;\u00e9ducation artistique et culturelle et du sport &#8211; Accompagner des projets d&rsquo;\u00e9ducation \u00e0 la citoyennet\u00e9 Le service civique est un engagement volontaire de 6 \u00e0 12 mois. D\u2019une dur\u00e9e hebdomadaire de 24 heures, il est indemnis\u00e9 609,96 \u20ac par mois. Les profils recherch\u00e9s sont jeunes de 16 \u00e0 25 ans (jusqu\u2019\u00e0 30 ans en situation de handicap), Les personnes int\u00e9ress\u00e9es son invit\u00e9es \u00e0 envoyer un CV et une lettre de motivation au coll\u00e8ge.<\/p>\n","protected":false},"author":151,"featured_media":0,"comment_status":"closed","ping_status":"open","sticky":false,"template":"","format":"standard","meta":{"footnotes":""},"categories":[1],"tags":[],"class_list":["post-2141","post","type-post","status-publish","format-standard","hentry","category-non-classe"],"_links":{"self":[{"href":"https:\/\/site.ac-martinique.fr\/clg-isidorepelage\/index.php?rest_route=\/wp\/v2\/posts\/2141","targetHints":{"allow":["GET"]}}],"collection":[{"href":"https:\/\/site.ac-martinique.fr\/clg-isidorepelage\/index.php?rest_route=\/wp\/v2\/posts"}],"about":[{"href":"https:\/\/site.ac-martinique.fr\/clg-isidorepelage\/index.php?rest_route=\/wp\/v2\/types\/post"}],"author":[{"embeddable":true,"href":"https:\/\/site.ac-martinique.fr\/clg-isidorepelage\/index.php?rest_route=\/wp\/v2\/users\/151"}],"replies":[{"embeddable":true,"href":"https:\/\/site.ac-martinique.fr\/clg-isidorepelage\/index.php?rest_route=%2Fwp%2Fv2%2Fcomments&post=2141"}],"version-history":[{"count":2,"href":"https:\/\/site.ac-martinique.fr\/clg-isidorepelage\/index.php?rest_route=\/wp\/v2\/posts\/2141\/revisions"}],"predecessor-version":[{"id":2150,"href":"https:\/\/site.ac-martinique.fr\/clg-isidorepelage\/index.php?rest_route=\/wp\/v2\/posts\/2141\/revisions\/2150"}],"wp:attachment":[{"href":"https:\/\/site.ac-martinique.fr\/clg-isidorepelage\/index.php?rest_route=%2Fwp%2Fv2%2Fmedia&parent=2141"}],"wp:term":[{"taxonomy":"category","embeddable":true,"href":"https:\/\/site.ac-martinique.fr\/clg-isidorepelage\/index.php?rest_route=%2Fwp%2Fv2%2Fcategories&post=2141"},{"taxonomy":"post_tag","embeddable":true,"href":"https:\/\/site.ac-martinique.fr\/clg-isidorepelage\/index.php?rest_route=%2Fwp%2Fv2%2Ftags&post=2141"}],"curies":[{"name":"wp","href":"https:\/\/api.w.org\/{rel}","templated":true}]}}