{"id":2151,"date":"2023-08-22T17:19:36","date_gmt":"2023-08-22T21:19:36","guid":{"rendered":"https:\/\/site.ac-martinique.fr\/clg-isidorepelage\/?p=2151"},"modified":"2023-08-22T17:22:47","modified_gmt":"2023-08-22T21:22:47","slug":"inscription-au-transport-scolaire","status":"publish","type":"post","link":"https:\/\/site.ac-martinique.fr\/clg-isidorepelage\/?p=2151","title":{"rendered":"Inscription au transport scolaire"},"content":{"rendered":"\n<p>Pour rappel, la campagne des inscriptions au transport scolaire organis\u00e9e par MARTINIQUE TRANSPORT pour l\u2019ann\u00e9e 2023-24 se d\u00e9roule jusqu&rsquo;au<strong> 1er septembre 2023.<\/strong><\/p>\n\n\n\n<p>Comme l\u2019an pass\u00e9, les inscriptions sont facilit\u00e9es en ligne, sur une plateforme simple offrant une meilleure gestion des dossiers avec un acc\u00e8s par compte tuteur.<\/p>\n\n\n\n<p>Vous trouverez en pi\u00e8ce jointe de ce mail une newsletter indiquant toutes les informations n\u00e9cessaires \u00e0 l\u2019inscription et \u00e0 la r\u00e9inscription des \u00e9l\u00e8ves.&nbsp;<\/p>\n\n\n\n<p>La direction<\/p>\n\n\n<div class=\"wp-block-image\">\n<figure class=\"aligncenter size-large\"><a href=\"https:\/\/site.ac-martinique.fr\/clg-isidorepelage\/wp-content\/uploads\/sites\/62\/2023\/08\/newsletter_martinique_transport-16062023-scaled.jpg\"><img loading=\"lazy\" decoding=\"async\" width=\"264\" height=\"1024\" src=\"https:\/\/site.ac-martinique.fr\/clg-isidorepelage\/wp-content\/uploads\/sites\/62\/2023\/08\/newsletter_martinique_transport-16062023-264x1024.jpg\" alt=\"\" class=\"wp-image-2152\" srcset=\"https:\/\/site.ac-martinique.fr\/clg-isidorepelage\/wp-content\/uploads\/sites\/62\/2023\/08\/newsletter_martinique_transport-16062023-264x1024.jpg 264w, https:\/\/site.ac-martinique.fr\/clg-isidorepelage\/wp-content\/uploads\/sites\/62\/2023\/08\/newsletter_martinique_transport-16062023-77x300.jpg 77w, https:\/\/site.ac-martinique.fr\/clg-isidorepelage\/wp-content\/uploads\/sites\/62\/2023\/08\/newsletter_martinique_transport-16062023-768x2978.jpg 768w, https:\/\/site.ac-martinique.fr\/clg-isidorepelage\/wp-content\/uploads\/sites\/62\/2023\/08\/newsletter_martinique_transport-16062023-396x1536.jpg 396w, https:\/\/site.ac-martinique.fr\/clg-isidorepelage\/wp-content\/uploads\/sites\/62\/2023\/08\/newsletter_martinique_transport-16062023-528x2048.jpg 528w, https:\/\/site.ac-martinique.fr\/clg-isidorepelage\/wp-content\/uploads\/sites\/62\/2023\/08\/newsletter_martinique_transport-16062023-scaled.jpg 660w\" sizes=\"auto, (max-width: 264px) 100vw, 264px\" \/><\/a><\/figure>\n<\/div>\n\n\n<div data-wp-interactive=\"core\/file\" class=\"wp-block-file\"><object data-wp-bind--hidden=\"!state.hasPdfPreview\" hidden class=\"wp-block-file__embed\" data=\"https:\/\/site.ac-martinique.fr\/clg-isidorepelage\/wp-content\/uploads\/sites\/62\/2023\/08\/Guide_inscription_Web_Martinique_Transport.pdf\" type=\"application\/pdf\" style=\"width:100%;height:600px\" aria-label=\"Contenu embarqu\u00e9 Guide_inscription_Web_Martinique_Transport.\"><\/object><a id=\"wp-block-file--media-c72d0aec-5c13-4c0f-be32-5bf3f362f05f\" href=\"https:\/\/site.ac-martinique.fr\/clg-isidorepelage\/wp-content\/uploads\/sites\/62\/2023\/08\/Guide_inscription_Web_Martinique_Transport.pdf\">Guide_inscription_Web_Martinique_Transport<\/a><a href=\"https:\/\/site.ac-martinique.fr\/clg-isidorepelage\/wp-content\/uploads\/sites\/62\/2023\/08\/Guide_inscription_Web_Martinique_Transport.pdf\" class=\"wp-block-file__button wp-element-button\" download aria-describedby=\"wp-block-file--media-c72d0aec-5c13-4c0f-be32-5bf3f362f05f\">T\u00e9l\u00e9charger<\/a><\/div>\n\n\n\n<div data-wp-interactive=\"core\/file\" class=\"wp-block-file\"><object data-wp-bind--hidden=\"!state.hasPdfPreview\" hidden class=\"wp-block-file__embed\" data=\"https:\/\/site.ac-martinique.fr\/clg-isidorepelage\/wp-content\/uploads\/sites\/62\/2023\/08\/Procedure-reinscription-2023-2024.pdf\" type=\"application\/pdf\" style=\"width:100%;height:600px\" aria-label=\"Contenu embarqu\u00e9 Procedure-reinscription-2023-2024.\"><\/object><a id=\"wp-block-file--media-d729a8b2-e91b-49f9-82c0-4906bc7bb0a1\" href=\"https:\/\/site.ac-martinique.fr\/clg-isidorepelage\/wp-content\/uploads\/sites\/62\/2023\/08\/Procedure-reinscription-2023-2024.pdf\">Procedure-reinscription-2023-2024<\/a><a href=\"https:\/\/site.ac-martinique.fr\/clg-isidorepelage\/wp-content\/uploads\/sites\/62\/2023\/08\/Procedure-reinscription-2023-2024.pdf\" class=\"wp-block-file__button wp-element-button\" download aria-describedby=\"wp-block-file--media-d729a8b2-e91b-49f9-82c0-4906bc7bb0a1\">T\u00e9l\u00e9charger<\/a><\/div>\n","protected":false},"excerpt":{"rendered":"<p>Pour rappel, la campagne des inscriptions au transport scolaire organis\u00e9e par MARTINIQUE TRANSPORT pour l\u2019ann\u00e9e 2023-24 se d\u00e9roule jusqu&rsquo;au 1er septembre 2023. Comme l\u2019an pass\u00e9, les inscriptions sont facilit\u00e9es en ligne, sur une plateforme simple offrant une meilleure gestion des dossiers avec un acc\u00e8s par compte tuteur. Vous trouverez en pi\u00e8ce jointe de ce mail une newsletter indiquant toutes les informations n\u00e9cessaires \u00e0 l\u2019inscription et \u00e0 la r\u00e9inscription des \u00e9l\u00e8ves.&nbsp; La direction<\/p>\n","protected":false},"author":151,"featured_media":0,"comment_status":"closed","ping_status":"open","sticky":false,"template":"","format":"standard","meta":{"footnotes":""},"categories":[1],"tags":[],"class_list":["post-2151","post","type-post","status-publish","format-standard","hentry","category-non-classe"],"_links":{"self":[{"href":"https:\/\/site.ac-martinique.fr\/clg-isidorepelage\/index.php?rest_route=\/wp\/v2\/posts\/2151","targetHints":{"allow":["GET"]}}],"collection":[{"href":"https:\/\/site.ac-martinique.fr\/clg-isidorepelage\/index.php?rest_route=\/wp\/v2\/posts"}],"about":[{"href":"https:\/\/site.ac-martinique.fr\/clg-isidorepelage\/index.php?rest_route=\/wp\/v2\/types\/post"}],"author":[{"embeddable":true,"href":"https:\/\/site.ac-martinique.fr\/clg-isidorepelage\/index.php?rest_route=\/wp\/v2\/users\/151"}],"replies":[{"embeddable":true,"href":"https:\/\/site.ac-martinique.fr\/clg-isidorepelage\/index.php?rest_route=%2Fwp%2Fv2%2Fcomments&post=2151"}],"version-history":[{"count":3,"href":"https:\/\/site.ac-martinique.fr\/clg-isidorepelage\/index.php?rest_route=\/wp\/v2\/posts\/2151\/revisions"}],"predecessor-version":[{"id":2157,"href":"https:\/\/site.ac-martinique.fr\/clg-isidorepelage\/index.php?rest_route=\/wp\/v2\/posts\/2151\/revisions\/2157"}],"wp:attachment":[{"href":"https:\/\/site.ac-martinique.fr\/clg-isidorepelage\/index.php?rest_route=%2Fwp%2Fv2%2Fmedia&parent=2151"}],"wp:term":[{"taxonomy":"category","embeddable":true,"href":"https:\/\/site.ac-martinique.fr\/clg-isidorepelage\/index.php?rest_route=%2Fwp%2Fv2%2Fcategories&post=2151"},{"taxonomy":"post_tag","embeddable":true,"href":"https:\/\/site.ac-martinique.fr\/clg-isidorepelage\/index.php?rest_route=%2Fwp%2Fv2%2Ftags&post=2151"}],"curies":[{"name":"wp","href":"https:\/\/api.w.org\/{rel}","templated":true}]}}