{"id":2181,"date":"2023-11-28T16:10:31","date_gmt":"2023-11-28T20:10:31","guid":{"rendered":"https:\/\/site.ac-martinique.fr\/clg-isidorepelage\/?p=2181"},"modified":"2023-11-28T16:10:31","modified_gmt":"2023-11-28T20:10:31","slug":"fonds-sociaux","status":"publish","type":"post","link":"https:\/\/site.ac-martinique.fr\/clg-isidorepelage\/?p=2181","title":{"rendered":"Fonds sociaux"},"content":{"rendered":"\n<p>vous trouverez ci-dessous un rappel des diff\u00e9rentes aides sociales apport\u00e9es par le coll\u00e8ge, en dehors des bourses nationales.<br><\/p>\n\n\n\n<p><\/p>\n\n\n\n<p><\/p>\n\n\n\n<p><strong>Le fonds social coll\u00e9gien<\/strong><br>Ce fonds est destin\u00e9 \u00e0\u00a0faire face rapidement \u00e0 des situations difficiles que peuvent conna\u00eetre des familles de coll\u00e9giens pour assumer les d\u00e9penses de scolarit\u00e9 et de vie scolaire. Cette\u00a0aide exceptionnelle peut prendre la forme d&rsquo;une aide financi\u00e8re directe ou de prestations en nature (frais de demi-pension ou d&rsquo;internat, fournitures diverses, etc.). La d\u00e9cision d&rsquo;attribution de l&rsquo;aide rel\u00e8ve du\u00a0chef d&rsquo;\u00e9tablissement apr\u00e8s avis de la commission fonds social.<br>Pour toute information, adressez-vous \u00e0 l&rsquo;assistante sociale du coll\u00e8ge par m\u00e9l\u00a0(Veronique.Alexandre@ac-martinique.fr) \u00a0ou en contactant le secr\u00e9tariat de direction (05.96.76.51.51)<\/p>\n\n\n\n<p><br>L<strong>e fonds social pour les cantines<\/strong><br>Ce fonds doit permettre aux\u00a0coll\u00e9giens, issus de milieux d\u00e9favoris\u00e9s, de fr\u00e9quenter la cantine de leur \u00e9tablissement. La d\u00e9cision d&rsquo;attribution de l&rsquo;aide rel\u00e8ve du\u00a0chef d&rsquo;\u00e9tablissement apr\u00e8s avis de la commission fonds social.<\/p>\n\n\n\n<p><br>Vous trouverez ci-joint le document de demande d&rsquo;aide \u00e0 remplir et \u00e0 remettre \u00e0 l&rsquo;assistante sociale par m\u00e9l (Veronique.Alexandre@ac-martinique.fr) \u00a0ou \u00e0 d\u00e9poser \u00e0 son attention sous pli ferm\u00e9 au secr\u00e9tariat de direction ducoll\u00e8ge, accompang\u00e9 des justificatifs de ressources et de charges (loyer, cr\u00e9dits, remboursements)\u00a0<br>Le principal<\/p>\n\n\n\n<div class=\"wp-block-file\"><a id=\"wp-block-file--media-8921e4bd-d0af-46de-ac24-a603fab840a4\" href=\"https:\/\/site.ac-martinique.fr\/clg-isidorepelage\/wp-content\/uploads\/sites\/62\/2023\/11\/Imprime-demande-fonds-sociaux.doc\">Imprime-demande-fonds-sociaux<\/a><a href=\"https:\/\/site.ac-martinique.fr\/clg-isidorepelage\/wp-content\/uploads\/sites\/62\/2023\/11\/Imprime-demande-fonds-sociaux.doc\" class=\"wp-block-file__button wp-element-button\" download aria-describedby=\"wp-block-file--media-8921e4bd-d0af-46de-ac24-a603fab840a4\">T\u00e9l\u00e9charger<\/a><\/div>\n","protected":false},"excerpt":{"rendered":"<p>vous trouverez ci-dessous un rappel des diff\u00e9rentes aides sociales apport\u00e9es par le coll\u00e8ge, en dehors des bourses nationales. Le fonds social coll\u00e9gienCe fonds est destin\u00e9 \u00e0\u00a0faire face rapidement \u00e0 des situations difficiles que peuvent conna\u00eetre des familles de coll\u00e9giens pour assumer les d\u00e9penses de scolarit\u00e9 et de vie scolaire. Cette\u00a0aide exceptionnelle peut prendre la forme d&rsquo;une aide financi\u00e8re directe ou de prestations en nature (frais de demi-pension ou d&rsquo;internat, fournitures diverses, etc.). La d\u00e9cision d&rsquo;attribution de l&rsquo;aide rel\u00e8ve du\u00a0chef d&rsquo;\u00e9tablissement apr\u00e8s avis de la commission fonds social.Pour toute information, adressez-vous \u00e0 l&rsquo;assistante sociale du coll\u00e8ge par m\u00e9l\u00a0(Veronique.Alexandre@ac-martinique.fr) \u00a0ou en contactant le secr\u00e9tariat de direction (05.96.76.51.51) Le fonds social pour les cantinesCe fonds doit permettre aux\u00a0coll\u00e9giens, issus de milieux d\u00e9favoris\u00e9s, de fr\u00e9quenter la cantine de leur \u00e9tablissement. La d\u00e9cision d&rsquo;attribution de l&rsquo;aide rel\u00e8ve du\u00a0chef d&rsquo;\u00e9tablissement apr\u00e8s avis de la commission fonds social. Vous trouverez ci-joint le document de demande d&rsquo;aide \u00e0 remplir et \u00e0 remettre \u00e0 l&rsquo;assistante sociale par m\u00e9l (Veronique.Alexandre@ac-martinique.fr) \u00a0ou \u00e0 d\u00e9poser \u00e0 son attention sous pli ferm\u00e9 au secr\u00e9tariat de direction ducoll\u00e8ge, accompang\u00e9 des justificatifs de ressources et de charges (loyer, cr\u00e9dits, remboursements)\u00a0Le principal<\/p>\n","protected":false},"author":151,"featured_media":0,"comment_status":"closed","ping_status":"open","sticky":false,"template":"","format":"standard","meta":{"footnotes":""},"categories":[1],"tags":[],"class_list":["post-2181","post","type-post","status-publish","format-standard","hentry","category-non-classe"],"_links":{"self":[{"href":"https:\/\/site.ac-martinique.fr\/clg-isidorepelage\/index.php?rest_route=\/wp\/v2\/posts\/2181","targetHints":{"allow":["GET"]}}],"collection":[{"href":"https:\/\/site.ac-martinique.fr\/clg-isidorepelage\/index.php?rest_route=\/wp\/v2\/posts"}],"about":[{"href":"https:\/\/site.ac-martinique.fr\/clg-isidorepelage\/index.php?rest_route=\/wp\/v2\/types\/post"}],"author":[{"embeddable":true,"href":"https:\/\/site.ac-martinique.fr\/clg-isidorepelage\/index.php?rest_route=\/wp\/v2\/users\/151"}],"replies":[{"embeddable":true,"href":"https:\/\/site.ac-martinique.fr\/clg-isidorepelage\/index.php?rest_route=%2Fwp%2Fv2%2Fcomments&post=2181"}],"version-history":[{"count":1,"href":"https:\/\/site.ac-martinique.fr\/clg-isidorepelage\/index.php?rest_route=\/wp\/v2\/posts\/2181\/revisions"}],"predecessor-version":[{"id":2183,"href":"https:\/\/site.ac-martinique.fr\/clg-isidorepelage\/index.php?rest_route=\/wp\/v2\/posts\/2181\/revisions\/2183"}],"wp:attachment":[{"href":"https:\/\/site.ac-martinique.fr\/clg-isidorepelage\/index.php?rest_route=%2Fwp%2Fv2%2Fmedia&parent=2181"}],"wp:term":[{"taxonomy":"category","embeddable":true,"href":"https:\/\/site.ac-martinique.fr\/clg-isidorepelage\/index.php?rest_route=%2Fwp%2Fv2%2Fcategories&post=2181"},{"taxonomy":"post_tag","embeddable":true,"href":"https:\/\/site.ac-martinique.fr\/clg-isidorepelage\/index.php?rest_route=%2Fwp%2Fv2%2Ftags&post=2181"}],"curies":[{"name":"wp","href":"https:\/\/api.w.org\/{rel}","templated":true}]}}