{"id":2191,"date":"2024-06-21T09:58:55","date_gmt":"2024-06-21T13:58:55","guid":{"rendered":"https:\/\/site.ac-martinique.fr\/clg-isidorepelage\/?p=2191"},"modified":"2024-06-21T09:58:55","modified_gmt":"2024-06-21T13:58:55","slug":"martinique-transport-lancement-campagne-inscriptions-au-transport-scolaire-2024-25","status":"publish","type":"post","link":"https:\/\/site.ac-martinique.fr\/clg-isidorepelage\/?p=2191","title":{"rendered":"MARTINIQUE TRANSPORT : Lancement campagne inscriptions au transport scolaire 2024-25"},"content":{"rendered":"\n<p>La campagne&nbsp;des inscriptions au transport scolaire organis\u00e9e par MARTINIQUE TRANSPORT pour l\u2019ann\u00e9e 2024-25, se&nbsp;d\u00e9roule&nbsp;<strong>du 24 juin au 19 ao\u00fbt 2024.<\/strong><\/p>\n\n\n\n<p>Comme l\u2019an pass\u00e9, les inscriptions sont facilit\u00e9es en ligne, sur une plateforme simple offrant une meilleure gestion&nbsp;des dossiers avec un acc\u00e8s par compte tuteur.<\/p>\n\n\n\n<p>Pour votre meilleure information ainsi que celle\u00a0de\u00a0votre communaut\u00e9 scolaire, vous trouverez en pi\u00e8ce jointe\u00a0de\u00a0ce mail une newsletter indiquant toutes les informations n\u00e9cessaires \u00e0 l\u2019inscription\u00a0des \u00e9l\u00e8ves, un guide pas \u00e0 pas, la liste des points d\u00e9localis\u00e9s d\u2019informations et d\u2019inscriptions, ainsi qu\u2019une affiche.<\/p>\n\n\n\n<div data-wp-interactive=\"core\/file\" class=\"wp-block-file\"><object data-wp-bind--hidden=\"!state.hasPdfPreview\" hidden class=\"wp-block-file__embed\" data=\"https:\/\/site.ac-martinique.fr\/clg-isidorepelage\/wp-content\/uploads\/sites\/62\/2024\/06\/GUIDE-PAS-A-PAS.pdf\" type=\"application\/pdf\" style=\"width:100%;height:600px\" aria-label=\"Contenu embarqu\u00e9 GUIDE-PAS-A-PAS.\"><\/object><a id=\"wp-block-file--media-db4507ab-495f-4f32-b1f7-8aef4dad23db\" href=\"https:\/\/site.ac-martinique.fr\/clg-isidorepelage\/wp-content\/uploads\/sites\/62\/2024\/06\/GUIDE-PAS-A-PAS.pdf\">GUIDE-PAS-A-PAS<\/a><a href=\"https:\/\/site.ac-martinique.fr\/clg-isidorepelage\/wp-content\/uploads\/sites\/62\/2024\/06\/GUIDE-PAS-A-PAS.pdf\" class=\"wp-block-file__button wp-element-button\" download aria-describedby=\"wp-block-file--media-db4507ab-495f-4f32-b1f7-8aef4dad23db\">T\u00e9l\u00e9charger<\/a><\/div>\n\n\n\n<div data-wp-interactive=\"core\/file\" class=\"wp-block-file\"><object data-wp-bind--hidden=\"!state.hasPdfPreview\" hidden class=\"wp-block-file__embed\" data=\"https:\/\/site.ac-martinique.fr\/clg-isidorepelage\/wp-content\/uploads\/sites\/62\/2024\/06\/LIEUX-DACCUEIL-TRANSPORT-SCOLAIRE-2024-2025.pdf\" type=\"application\/pdf\" style=\"width:100%;height:600px\" aria-label=\"Contenu embarqu\u00e9 LIEUX-DACCUEIL-TRANSPORT-SCOLAIRE-2024-2025.\"><\/object><a id=\"wp-block-file--media-eda136e1-4eb3-479c-85f8-a12e11d7c120\" href=\"https:\/\/site.ac-martinique.fr\/clg-isidorepelage\/wp-content\/uploads\/sites\/62\/2024\/06\/LIEUX-DACCUEIL-TRANSPORT-SCOLAIRE-2024-2025.pdf\">LIEUX-DACCUEIL-TRANSPORT-SCOLAIRE-2024-2025<\/a><a href=\"https:\/\/site.ac-martinique.fr\/clg-isidorepelage\/wp-content\/uploads\/sites\/62\/2024\/06\/LIEUX-DACCUEIL-TRANSPORT-SCOLAIRE-2024-2025.pdf\" class=\"wp-block-file__button wp-element-button\" download aria-describedby=\"wp-block-file--media-eda136e1-4eb3-479c-85f8-a12e11d7c120\">T\u00e9l\u00e9charger<\/a><\/div>\n","protected":false},"excerpt":{"rendered":"<p>La campagne&nbsp;des inscriptions au transport scolaire organis\u00e9e par MARTINIQUE TRANSPORT pour l\u2019ann\u00e9e 2024-25, se&nbsp;d\u00e9roule&nbsp;du 24 juin au 19 ao\u00fbt 2024. Comme l\u2019an pass\u00e9, les inscriptions sont facilit\u00e9es en ligne, sur une plateforme simple offrant une meilleure gestion&nbsp;des dossiers avec un acc\u00e8s par compte tuteur. Pour votre meilleure information ainsi que celle\u00a0de\u00a0votre communaut\u00e9 scolaire, vous trouverez en pi\u00e8ce jointe\u00a0de\u00a0ce mail une newsletter indiquant toutes les informations n\u00e9cessaires \u00e0 l\u2019inscription\u00a0des \u00e9l\u00e8ves, un guide pas \u00e0 pas, la liste des points d\u00e9localis\u00e9s d\u2019informations et d\u2019inscriptions, ainsi qu\u2019une affiche.<\/p>\n","protected":false},"author":151,"featured_media":0,"comment_status":"closed","ping_status":"open","sticky":false,"template":"","format":"standard","meta":{"footnotes":""},"categories":[1],"tags":[],"class_list":["post-2191","post","type-post","status-publish","format-standard","hentry","category-non-classe"],"_links":{"self":[{"href":"https:\/\/site.ac-martinique.fr\/clg-isidorepelage\/index.php?rest_route=\/wp\/v2\/posts\/2191","targetHints":{"allow":["GET"]}}],"collection":[{"href":"https:\/\/site.ac-martinique.fr\/clg-isidorepelage\/index.php?rest_route=\/wp\/v2\/posts"}],"about":[{"href":"https:\/\/site.ac-martinique.fr\/clg-isidorepelage\/index.php?rest_route=\/wp\/v2\/types\/post"}],"author":[{"embeddable":true,"href":"https:\/\/site.ac-martinique.fr\/clg-isidorepelage\/index.php?rest_route=\/wp\/v2\/users\/151"}],"replies":[{"embeddable":true,"href":"https:\/\/site.ac-martinique.fr\/clg-isidorepelage\/index.php?rest_route=%2Fwp%2Fv2%2Fcomments&post=2191"}],"version-history":[{"count":1,"href":"https:\/\/site.ac-martinique.fr\/clg-isidorepelage\/index.php?rest_route=\/wp\/v2\/posts\/2191\/revisions"}],"predecessor-version":[{"id":2194,"href":"https:\/\/site.ac-martinique.fr\/clg-isidorepelage\/index.php?rest_route=\/wp\/v2\/posts\/2191\/revisions\/2194"}],"wp:attachment":[{"href":"https:\/\/site.ac-martinique.fr\/clg-isidorepelage\/index.php?rest_route=%2Fwp%2Fv2%2Fmedia&parent=2191"}],"wp:term":[{"taxonomy":"category","embeddable":true,"href":"https:\/\/site.ac-martinique.fr\/clg-isidorepelage\/index.php?rest_route=%2Fwp%2Fv2%2Fcategories&post=2191"},{"taxonomy":"post_tag","embeddable":true,"href":"https:\/\/site.ac-martinique.fr\/clg-isidorepelage\/index.php?rest_route=%2Fwp%2Fv2%2Ftags&post=2191"}],"curies":[{"name":"wp","href":"https:\/\/api.w.org\/{rel}","templated":true}]}}