{"id":2195,"date":"2024-06-21T10:05:54","date_gmt":"2024-06-21T14:05:54","guid":{"rendered":"https:\/\/site.ac-martinique.fr\/clg-isidorepelage\/?p=2195"},"modified":"2024-06-21T11:18:57","modified_gmt":"2024-06-21T15:18:57","slug":"inscription-au-lycee-raymond-neris","status":"publish","type":"post","link":"https:\/\/site.ac-martinique.fr\/clg-isidorepelage\/?p=2195","title":{"rendered":"Inscriptions en lyc\u00e9e"},"content":{"rendered":"\n<h1 class=\"wp-block-heading\">Inscription au lyc\u00e9e Raymond NERIS<\/h1>\n\n\n\n<div data-wp-interactive=\"core\/file\" class=\"wp-block-file\"><object data-wp-bind--hidden=\"!state.hasPdfPreview\" hidden class=\"wp-block-file__embed\" data=\"https:\/\/site.ac-martinique.fr\/clg-isidorepelage\/wp-content\/uploads\/sites\/62\/2024\/06\/inscriptions-reinscriptions_Neris.pdf\" type=\"application\/pdf\" style=\"width:100%;height:600px\" aria-label=\"Contenu embarqu\u00e9 inscriptions-reinscriptions_Neris.\"><\/object><a id=\"wp-block-file--media-3220ff72-9d38-449e-b993-0ebe9d11ad72\" href=\"https:\/\/site.ac-martinique.fr\/clg-isidorepelage\/wp-content\/uploads\/sites\/62\/2024\/06\/inscriptions-reinscriptions_Neris.pdf\">inscriptions-reinscriptions_Neris<\/a><a href=\"https:\/\/site.ac-martinique.fr\/clg-isidorepelage\/wp-content\/uploads\/sites\/62\/2024\/06\/inscriptions-reinscriptions_Neris.pdf\" class=\"wp-block-file__button wp-element-button\" download aria-describedby=\"wp-block-file--media-3220ff72-9d38-449e-b993-0ebe9d11ad72\">T\u00e9l\u00e9charger<\/a><\/div>\n\n\n\n<p>Inscription au lyc\u00e9e Joseph ZOBEL<\/p>\n\n\n\n<div data-wp-interactive=\"core\/file\" class=\"wp-block-file\"><object data-wp-bind--hidden=\"!state.hasPdfPreview\" hidden class=\"wp-block-file__embed\" data=\"https:\/\/site.ac-martinique.fr\/clg-isidorepelage\/wp-content\/uploads\/sites\/62\/2024\/06\/INSCRIPTION-LYCEE-JZOBEL-2024.pdf\" type=\"application\/pdf\" style=\"width:100%;height:600px\" aria-label=\"Contenu embarqu\u00e9 INSCRIPTION-LYCEE-JZOBEL-2024.\"><\/object><a id=\"wp-block-file--media-d741fc2f-28a7-4aec-bfab-8461f7ab194d\" href=\"https:\/\/site.ac-martinique.fr\/clg-isidorepelage\/wp-content\/uploads\/sites\/62\/2024\/06\/INSCRIPTION-LYCEE-JZOBEL-2024.pdf\">INSCRIPTION-LYCEE-JZOBEL-2024<\/a><a href=\"https:\/\/site.ac-martinique.fr\/clg-isidorepelage\/wp-content\/uploads\/sites\/62\/2024\/06\/INSCRIPTION-LYCEE-JZOBEL-2024.pdf\" class=\"wp-block-file__button wp-element-button\" download aria-describedby=\"wp-block-file--media-d741fc2f-28a7-4aec-bfab-8461f7ab194d\">T\u00e9l\u00e9charger<\/a><\/div>\n\n\n\n<p>Inscription au lyc\u00e9e BISSOL<\/p>\n\n\n\n<div data-wp-interactive=\"core\/file\" class=\"wp-block-file\"><object data-wp-bind--hidden=\"!state.hasPdfPreview\" hidden class=\"wp-block-file__embed\" data=\"https:\/\/site.ac-martinique.fr\/clg-isidorepelage\/wp-content\/uploads\/sites\/62\/2024\/06\/PLANNING-INSCRIPTION-2024-2025-LP-BISSOL.pdf\" type=\"application\/pdf\" style=\"width:100%;height:600px\" aria-label=\"Contenu embarqu\u00e9 PLANNING-INSCRIPTION-2024-2025-LP-BISSOL.\"><\/object><a id=\"wp-block-file--media-7b749039-0501-4f7e-8f89-e1867207a626\" href=\"https:\/\/site.ac-martinique.fr\/clg-isidorepelage\/wp-content\/uploads\/sites\/62\/2024\/06\/PLANNING-INSCRIPTION-2024-2025-LP-BISSOL.pdf\">PLANNING-INSCRIPTION-2024-2025-LP-BISSOL<\/a><a href=\"https:\/\/site.ac-martinique.fr\/clg-isidorepelage\/wp-content\/uploads\/sites\/62\/2024\/06\/PLANNING-INSCRIPTION-2024-2025-LP-BISSOL.pdf\" class=\"wp-block-file__button wp-element-button\" download aria-describedby=\"wp-block-file--media-7b749039-0501-4f7e-8f89-e1867207a626\">T\u00e9l\u00e9charger<\/a><\/div>\n\n\n\n<p>Inscription au lyc\u00e9e Andr\u00e9 ALIKER<\/p>\n\n\n\n<div data-wp-interactive=\"core\/file\" class=\"wp-block-file\"><object data-wp-bind--hidden=\"!state.hasPdfPreview\" hidden class=\"wp-block-file__embed\" data=\"https:\/\/site.ac-martinique.fr\/clg-isidorepelage\/wp-content\/uploads\/sites\/62\/2024\/06\/CALENDRIER-DINSCRIPTION-ET-DE-REINSCRIPTION-2024-2024-LP-Andre-ALIKER.pdf\" type=\"application\/pdf\" style=\"width:100%;height:600px\" aria-label=\"Contenu embarqu\u00e9 CALENDRIER-DINSCRIPTION-ET-DE-REINSCRIPTION-2024-2024-LP-Andre-ALIKER.\"><\/object><a id=\"wp-block-file--media-cf8427be-76d6-4559-81f0-a2285fad3e16\" href=\"https:\/\/site.ac-martinique.fr\/clg-isidorepelage\/wp-content\/uploads\/sites\/62\/2024\/06\/CALENDRIER-DINSCRIPTION-ET-DE-REINSCRIPTION-2024-2024-LP-Andre-ALIKER.pdf\">CALENDRIER-DINSCRIPTION-ET-DE-REINSCRIPTION-2024-2024-LP-Andre-ALIKER<\/a><a href=\"https:\/\/site.ac-martinique.fr\/clg-isidorepelage\/wp-content\/uploads\/sites\/62\/2024\/06\/CALENDRIER-DINSCRIPTION-ET-DE-REINSCRIPTION-2024-2024-LP-Andre-ALIKER.pdf\" class=\"wp-block-file__button wp-element-button\" download aria-describedby=\"wp-block-file--media-cf8427be-76d6-4559-81f0-a2285fad3e16\">T\u00e9l\u00e9charger<\/a><\/div>\n\n\n\n<p>Inscription au lyc\u00e9e Lumina SOPHIE<\/p>\n\n\n\n<div data-wp-interactive=\"core\/file\" class=\"wp-block-file\"><object data-wp-bind--hidden=\"!state.hasPdfPreview\" hidden class=\"wp-block-file__embed\" data=\"https:\/\/site.ac-martinique.fr\/clg-isidorepelage\/wp-content\/uploads\/sites\/62\/2024\/06\/formalites_inscription_LP_Lumina-SOPHIE.pdf\" type=\"application\/pdf\" style=\"width:100%;height:600px\" aria-label=\"Contenu embarqu\u00e9 formalites_inscription_LP_Lumina-SOPHIE.\"><\/object><a id=\"wp-block-file--media-5ab97962-fb43-45bd-ac38-5a7fccdd2a2f\" href=\"https:\/\/site.ac-martinique.fr\/clg-isidorepelage\/wp-content\/uploads\/sites\/62\/2024\/06\/formalites_inscription_LP_Lumina-SOPHIE.pdf\">formalites_inscription_LP_Lumina-SOPHIE<\/a><a href=\"https:\/\/site.ac-martinique.fr\/clg-isidorepelage\/wp-content\/uploads\/sites\/62\/2024\/06\/formalites_inscription_LP_Lumina-SOPHIE.pdf\" class=\"wp-block-file__button wp-element-button\" download aria-describedby=\"wp-block-file--media-5ab97962-fb43-45bd-ac38-5a7fccdd2a2f\">T\u00e9l\u00e9charger<\/a><\/div>\n\n\n\n<p>Inscription au lyc\u00e9e Place d&rsquo;Armes<\/p>\n\n\n\n<div data-wp-interactive=\"core\/file\" class=\"wp-block-file\"><object data-wp-bind--hidden=\"!state.hasPdfPreview\" hidden class=\"wp-block-file__embed\" data=\"https:\/\/site.ac-martinique.fr\/clg-isidorepelage\/wp-content\/uploads\/sites\/62\/2024\/06\/Inscription-LP-Place-d-armes.pdf\" type=\"application\/pdf\" style=\"width:100%;height:600px\" aria-label=\"Contenu embarqu\u00e9 Inscription-LP-Place-d-armes.\"><\/object><a id=\"wp-block-file--media-fb3dd108-7873-439d-ba89-56349aaa3e9d\" href=\"https:\/\/site.ac-martinique.fr\/clg-isidorepelage\/wp-content\/uploads\/sites\/62\/2024\/06\/Inscription-LP-Place-d-armes.pdf\">Inscription-LP-Place-d-armes<\/a><a href=\"https:\/\/site.ac-martinique.fr\/clg-isidorepelage\/wp-content\/uploads\/sites\/62\/2024\/06\/Inscription-LP-Place-d-armes.pdf\" class=\"wp-block-file__button wp-element-button\" download aria-describedby=\"wp-block-file--media-fb3dd108-7873-439d-ba89-56349aaa3e9d\">T\u00e9l\u00e9charger<\/a><\/div>\n","protected":false},"excerpt":{"rendered":"<p>Inscription au lyc\u00e9e Raymond NERIS Inscription au lyc\u00e9e Joseph ZOBEL Inscription au lyc\u00e9e BISSOL Inscription au lyc\u00e9e Andr\u00e9 ALIKER Inscription au lyc\u00e9e Lumina SOPHIE Inscription au lyc\u00e9e Place d&rsquo;Armes<\/p>\n","protected":false},"author":151,"featured_media":0,"comment_status":"closed","ping_status":"open","sticky":false,"template":"","format":"standard","meta":{"footnotes":""},"categories":[1],"tags":[],"class_list":["post-2195","post","type-post","status-publish","format-standard","hentry","category-non-classe"],"_links":{"self":[{"href":"https:\/\/site.ac-martinique.fr\/clg-isidorepelage\/index.php?rest_route=\/wp\/v2\/posts\/2195","targetHints":{"allow":["GET"]}}],"collection":[{"href":"https:\/\/site.ac-martinique.fr\/clg-isidorepelage\/index.php?rest_route=\/wp\/v2\/posts"}],"about":[{"href":"https:\/\/site.ac-martinique.fr\/clg-isidorepelage\/index.php?rest_route=\/wp\/v2\/types\/post"}],"author":[{"embeddable":true,"href":"https:\/\/site.ac-martinique.fr\/clg-isidorepelage\/index.php?rest_route=\/wp\/v2\/users\/151"}],"replies":[{"embeddable":true,"href":"https:\/\/site.ac-martinique.fr\/clg-isidorepelage\/index.php?rest_route=%2Fwp%2Fv2%2Fcomments&post=2195"}],"version-history":[{"count":3,"href":"https:\/\/site.ac-martinique.fr\/clg-isidorepelage\/index.php?rest_route=\/wp\/v2\/posts\/2195\/revisions"}],"predecessor-version":[{"id":2208,"href":"https:\/\/site.ac-martinique.fr\/clg-isidorepelage\/index.php?rest_route=\/wp\/v2\/posts\/2195\/revisions\/2208"}],"wp:attachment":[{"href":"https:\/\/site.ac-martinique.fr\/clg-isidorepelage\/index.php?rest_route=%2Fwp%2Fv2%2Fmedia&parent=2195"}],"wp:term":[{"taxonomy":"category","embeddable":true,"href":"https:\/\/site.ac-martinique.fr\/clg-isidorepelage\/index.php?rest_route=%2Fwp%2Fv2%2Fcategories&post=2195"},{"taxonomy":"post_tag","embeddable":true,"href":"https:\/\/site.ac-martinique.fr\/clg-isidorepelage\/index.php?rest_route=%2Fwp%2Fv2%2Ftags&post=2195"}],"curies":[{"name":"wp","href":"https:\/\/api.w.org\/{rel}","templated":true}]}}