{"id":2340,"date":"2024-09-25T18:59:54","date_gmt":"2024-09-25T22:59:54","guid":{"rendered":"https:\/\/site.ac-martinique.fr\/clg-isidorepelage\/?p=2340"},"modified":"2024-09-25T19:10:55","modified_gmt":"2024-09-25T23:10:55","slug":"journee-europeenne-des-langues","status":"publish","type":"post","link":"https:\/\/site.ac-martinique.fr\/clg-isidorepelage\/?p=2340","title":{"rendered":"Journ\u00e9e europ\u00e9enne des langues"},"content":{"rendered":"\n<p>Pour c\u00e9l\u00e9brer la journ\u00e9e europ\u00e9enne des langues qui a lieu le 26 septembre, les professeures d&rsquo;anglais et d&rsquo;espagnol du coll\u00e8ge vous proposent une petite infographie : C&rsquo;est <a href=\"https:\/\/view.genially.com\/66f475a715e4a348937200ad\">ici<\/a><\/p>\n\n\n\n<p><\/p>\n","protected":false},"excerpt":{"rendered":"<p>Pour c\u00e9l\u00e9brer la journ\u00e9e europ\u00e9enne des langues qui a lieu le 26 septembre, les professeures d&rsquo;anglais et d&rsquo;espagnol du coll\u00e8ge vous proposent une petite infographie : C&rsquo;est ici<\/p>\n","protected":false},"author":151,"featured_media":0,"comment_status":"closed","ping_status":"open","sticky":false,"template":"","format":"standard","meta":{"footnotes":""},"categories":[1],"tags":[],"class_list":["post-2340","post","type-post","status-publish","format-standard","hentry","category-non-classe"],"_links":{"self":[{"href":"https:\/\/site.ac-martinique.fr\/clg-isidorepelage\/index.php?rest_route=\/wp\/v2\/posts\/2340","targetHints":{"allow":["GET"]}}],"collection":[{"href":"https:\/\/site.ac-martinique.fr\/clg-isidorepelage\/index.php?rest_route=\/wp\/v2\/posts"}],"about":[{"href":"https:\/\/site.ac-martinique.fr\/clg-isidorepelage\/index.php?rest_route=\/wp\/v2\/types\/post"}],"author":[{"embeddable":true,"href":"https:\/\/site.ac-martinique.fr\/clg-isidorepelage\/index.php?rest_route=\/wp\/v2\/users\/151"}],"replies":[{"embeddable":true,"href":"https:\/\/site.ac-martinique.fr\/clg-isidorepelage\/index.php?rest_route=%2Fwp%2Fv2%2Fcomments&post=2340"}],"version-history":[{"count":6,"href":"https:\/\/site.ac-martinique.fr\/clg-isidorepelage\/index.php?rest_route=\/wp\/v2\/posts\/2340\/revisions"}],"predecessor-version":[{"id":2349,"href":"https:\/\/site.ac-martinique.fr\/clg-isidorepelage\/index.php?rest_route=\/wp\/v2\/posts\/2340\/revisions\/2349"}],"wp:attachment":[{"href":"https:\/\/site.ac-martinique.fr\/clg-isidorepelage\/index.php?rest_route=%2Fwp%2Fv2%2Fmedia&parent=2340"}],"wp:term":[{"taxonomy":"category","embeddable":true,"href":"https:\/\/site.ac-martinique.fr\/clg-isidorepelage\/index.php?rest_route=%2Fwp%2Fv2%2Fcategories&post=2340"},{"taxonomy":"post_tag","embeddable":true,"href":"https:\/\/site.ac-martinique.fr\/clg-isidorepelage\/index.php?rest_route=%2Fwp%2Fv2%2Ftags&post=2340"}],"curies":[{"name":"wp","href":"https:\/\/api.w.org\/{rel}","templated":true}]}}