{"id":4634,"date":"2021-12-14T20:57:44","date_gmt":"2021-12-15T00:57:44","guid":{"rendered":"https:\/\/site.ac-martinique.fr\/clg-jacquelinejulius\/?p=4634"},"modified":"2021-12-14T20:57:44","modified_gmt":"2021-12-15T00:57:44","slug":"nouvelle-section-la-section-sportive-athletisme","status":"publish","type":"post","link":"https:\/\/site.ac-martinique.fr\/clg-jacquelinejulius\/2021\/12\/14\/nouvelle-section-la-section-sportive-athletisme\/","title":{"rendered":"Nouvelle section : la section sportive athl\u00e9tisme"},"content":{"rendered":"\n<p>La section sportive athl\u00e9tisme a ouvert ses portes en Novembre 2021.<br \/>-18 \u00e9l\u00e8ves prennent part aux activit\u00e9s r\u00e9guli\u00e8rement.<br \/> -Section encadr\u00e9e par Mme Vitalien. <br \/> -Cr\u00e9neau : lundi 14h30-17h30. <\/p>\n\n\n\n<p><\/p>\n\n\n\n<figure class=\"wp-block-image size-large\"><a href=\"https:\/\/site.ac-martinique.fr\/clg-jacquelinejulius\/wp-content\/uploads\/sites\/77\/2021\/12\/Toposectionsportive.jpg\"><img loading=\"lazy\" decoding=\"async\" width=\"1024\" height=\"971\" src=\"https:\/\/site.ac-martinique.fr\/clg-jacquelinejulius\/wp-content\/uploads\/sites\/77\/2021\/12\/Toposectionsportive-1024x971.jpg\" alt=\"\" class=\"wp-image-4635\" srcset=\"https:\/\/site.ac-martinique.fr\/clg-jacquelinejulius\/wp-content\/uploads\/sites\/77\/2021\/12\/Toposectionsportive-1024x971.jpg 1024w, https:\/\/site.ac-martinique.fr\/clg-jacquelinejulius\/wp-content\/uploads\/sites\/77\/2021\/12\/Toposectionsportive-300x285.jpg 300w, https:\/\/site.ac-martinique.fr\/clg-jacquelinejulius\/wp-content\/uploads\/sites\/77\/2021\/12\/Toposectionsportive-768x728.jpg 768w, https:\/\/site.ac-martinique.fr\/clg-jacquelinejulius\/wp-content\/uploads\/sites\/77\/2021\/12\/Toposectionsportive-555x526.jpg 555w, https:\/\/site.ac-martinique.fr\/clg-jacquelinejulius\/wp-content\/uploads\/sites\/77\/2021\/12\/Toposectionsportive.jpg 1066w\" sizes=\"auto, (max-width: 1024px) 100vw, 1024px\" \/><\/a><\/figure>\n\n\n\n<p class=\"has-text-align-center has-large-font-size\"><strong>Une bonne dynamique, de la pers\u00e9v\u00e9rance et de la solidarit\u00e9!!!<\/strong><\/p>\n\n\n\n<p>Pour Mme Vitalien<\/p>\n","protected":false},"excerpt":{"rendered":"<p>La section sportive athl\u00e9tisme a ouvert ses portes en Novembre 2021.-18 \u00e9l\u00e8ves prennent part aux activit\u00e9s r\u00e9guli\u00e8rement. -Section encadr\u00e9e par Mme Vitalien. -Cr\u00e9neau : lundi 14h30-17h30. Une bonne dynamique, de la pers\u00e9v\u00e9rance et de la solidarit\u00e9!!! Pour Mme Vitalien<\/p>\n","protected":false},"author":250,"featured_media":0,"comment_status":"open","ping_status":"open","sticky":false,"template":"","format":"standard","meta":{"footnotes":""},"categories":[20],"tags":[],"class_list":["post-4634","post","type-post","status-publish","format-standard","hentry","category-eps-association-sportive-unss","item-wrap"],"_links":{"self":[{"href":"https:\/\/site.ac-martinique.fr\/clg-jacquelinejulius\/wp-json\/wp\/v2\/posts\/4634","targetHints":{"allow":["GET"]}}],"collection":[{"href":"https:\/\/site.ac-martinique.fr\/clg-jacquelinejulius\/wp-json\/wp\/v2\/posts"}],"about":[{"href":"https:\/\/site.ac-martinique.fr\/clg-jacquelinejulius\/wp-json\/wp\/v2\/types\/post"}],"author":[{"embeddable":true,"href":"https:\/\/site.ac-martinique.fr\/clg-jacquelinejulius\/wp-json\/wp\/v2\/users\/250"}],"replies":[{"embeddable":true,"href":"https:\/\/site.ac-martinique.fr\/clg-jacquelinejulius\/wp-json\/wp\/v2\/comments?post=4634"}],"version-history":[{"count":1,"href":"https:\/\/site.ac-martinique.fr\/clg-jacquelinejulius\/wp-json\/wp\/v2\/posts\/4634\/revisions"}],"predecessor-version":[{"id":4636,"href":"https:\/\/site.ac-martinique.fr\/clg-jacquelinejulius\/wp-json\/wp\/v2\/posts\/4634\/revisions\/4636"}],"wp:attachment":[{"href":"https:\/\/site.ac-martinique.fr\/clg-jacquelinejulius\/wp-json\/wp\/v2\/media?parent=4634"}],"wp:term":[{"taxonomy":"category","embeddable":true,"href":"https:\/\/site.ac-martinique.fr\/clg-jacquelinejulius\/wp-json\/wp\/v2\/categories?post=4634"},{"taxonomy":"post_tag","embeddable":true,"href":"https:\/\/site.ac-martinique.fr\/clg-jacquelinejulius\/wp-json\/wp\/v2\/tags?post=4634"}],"curies":[{"name":"wp","href":"https:\/\/api.w.org\/{rel}","templated":true}]}}