{"id":4877,"date":"2023-03-30T16:22:55","date_gmt":"2023-03-30T20:22:55","guid":{"rendered":"https:\/\/site.ac-martinique.fr\/clg-jacquelinejulius\/?p=4877"},"modified":"2023-03-30T16:30:27","modified_gmt":"2023-03-30T20:30:27","slug":"dispositif-ecole-ouverte-paques-2023","status":"publish","type":"post","link":"https:\/\/site.ac-martinique.fr\/clg-jacquelinejulius\/2023\/03\/30\/dispositif-ecole-ouverte-paques-2023\/","title":{"rendered":"Dispositif Ecole Ouverte : P\u00e2ques 2023"},"content":{"rendered":"\n<p><\/p>\n\n\n\n<p class=\"has-large-font-size\">Bonjour \u00e0 tous<\/p>\n\n\n\n<p class=\"has-luminous-vivid-orange-color has-text-color has-large-font-size\">,Le coll\u00e8ge Jacqueline Julius met en place le dispositif \u00ab \u00c9cole Ouverte \u00bb et organise des activit\u00e9s pour les \u00e9l\u00e8ves volontaires, <strong>la 1\u00e8re semaine des vacances de P\u00e2ques (du lundi 3 au jeudi 6 avril 2023), de 8h00 \u00e0 12h00.<\/strong><\/p>\n\n\n\n<p>Les ateliers sont les suivants :   <\/p>\n\n\n\n<figure class=\"wp-block-table is-style-tw-border-h-inner has-regular-font-size\"><table class=\"has-vivid-cyan-blue-color has-text-color\"><tbody><tr><td><strong>Animateur<\/strong><\/td><td><strong>Atelier<\/strong><\/td><\/tr><tr><td>Mme Claveau<\/td><td><strong>Matjoukan<\/strong>n (D\u00e9couvrir la culture martiniquaise)<\/td><\/tr><tr><td>Mme Leblanc-Morini\u00e8re (Infimi\u00e8re)<\/td><td><strong>Secourisme<\/strong>  PSC1<\/td><\/tr><tr><td>Mme Lheureux<\/td><td><strong>Fresque murale<\/strong><\/td><\/tr><tr><td>Mme Ringembach<\/td><td><strong>Jeux de Soci\u00e9t\u00e9<\/strong><\/td><\/tr><tr><td>Mme Duguerre-Arm\u00e8de<\/td><td><strong>Escape game<\/strong><\/td><\/tr><tr><td>Mme Caius<\/td><td><strong>Programmation de Robot<\/strong><\/td><\/tr><tr><td>Mme Loferme<\/td><td><strong>Patisserie<\/strong><\/td><\/tr><\/tbody><\/table><\/figure>\n\n\n\n<p class=\"has-large-font-size\"><strong><em>Rappels :<\/em><\/strong><\/p>\n\n\n\n<p class=\"has-large-font-size\">Les \u00e9l\u00e8ves inscrits participeront aux activit\u00e9s qu\u2019ils ont choisies en fonction des places disponibles (nombre de places limit\u00e9).<\/p>\n\n\n\n<p class=\"has-large-font-size\">Si la candidature de votre enfant a \u00e9t\u00e9 retenue, un document coupon-r\u00e9ponse d\u00e9taillant les horaires et les activit\u00e9s lui a \u00e9t\u00e9 remis. Il a donc \u00e9t\u00e9  retourn\u00e9 sign\u00e9.<\/p>\n\n\n\n<p class=\"has-large-font-size\">L\u2019inscription est un engagement qui implique la pr\u00e9sence de l\u2019\u00e9l\u00e8ve. Lorsqu\u2019une candidature est valid\u00e9e cela vet dire qu\u2019une autre a \u00e9t\u00e9 refus\u00e9e. Aussi, si votre enfant est retenu(e) pour un ou plusieurs ateliers, sa pr\u00e9sence est donc obligatoire<\/p>\n\n\n\n<p class=\"has-large-font-size\">Toute attitude non conforme \u00e0 ce qui est attendu entra\u00eenera l\u2019exclusion imm\u00e9diate des ateliers et du dispositif \u00ab \u00c9cole Ouverte \u00bb pour toutes les p\u00e9riodes.<\/p>\n\n\n\n<p><\/p>\n\n\n\n<p class=\"has-large-font-size\">Nous souhaitons \u00e0 nos \u00e9l\u00e8ves une  belle semaine de d\u00e9couvertes actives !!<\/p>\n\n\n\n<p class=\"has-large-font-size\"><\/p>\n\n\n\n<p class=\"has-large-font-size\">Pour la Direction<\/p>\n","protected":false},"excerpt":{"rendered":"<p>Bonjour \u00e0 tous ,Le coll\u00e8ge Jacqueline Julius met en place le dispositif \u00ab \u00c9cole Ouverte \u00bb et organise des activit\u00e9s pour les \u00e9l\u00e8ves volontaires, la 1\u00e8re semaine des vacances de P\u00e2ques (du lundi 3 au jeudi 6 avril 2023), de 8h00 \u00e0 12h00. Les ateliers sont les suivants : Animateur Atelier Mme Claveau Matjoukann (D\u00e9couvrir &hellip; <\/p>\n<p><a class=\"more-link btn\" href=\"https:\/\/site.ac-martinique.fr\/clg-jacquelinejulius\/2023\/03\/30\/dispositif-ecole-ouverte-paques-2023\/\">Lire la suite<\/a><\/p>\n","protected":false},"author":250,"featured_media":0,"comment_status":"open","ping_status":"open","sticky":false,"template":"","format":"standard","meta":{"footnotes":""},"categories":[1],"tags":[],"class_list":["post-4877","post","type-post","status-publish","format-standard","hentry","category-non-classe","item-wrap"],"_links":{"self":[{"href":"https:\/\/site.ac-martinique.fr\/clg-jacquelinejulius\/wp-json\/wp\/v2\/posts\/4877","targetHints":{"allow":["GET"]}}],"collection":[{"href":"https:\/\/site.ac-martinique.fr\/clg-jacquelinejulius\/wp-json\/wp\/v2\/posts"}],"about":[{"href":"https:\/\/site.ac-martinique.fr\/clg-jacquelinejulius\/wp-json\/wp\/v2\/types\/post"}],"author":[{"embeddable":true,"href":"https:\/\/site.ac-martinique.fr\/clg-jacquelinejulius\/wp-json\/wp\/v2\/users\/250"}],"replies":[{"embeddable":true,"href":"https:\/\/site.ac-martinique.fr\/clg-jacquelinejulius\/wp-json\/wp\/v2\/comments?post=4877"}],"version-history":[{"count":6,"href":"https:\/\/site.ac-martinique.fr\/clg-jacquelinejulius\/wp-json\/wp\/v2\/posts\/4877\/revisions"}],"predecessor-version":[{"id":4885,"href":"https:\/\/site.ac-martinique.fr\/clg-jacquelinejulius\/wp-json\/wp\/v2\/posts\/4877\/revisions\/4885"}],"wp:attachment":[{"href":"https:\/\/site.ac-martinique.fr\/clg-jacquelinejulius\/wp-json\/wp\/v2\/media?parent=4877"}],"wp:term":[{"taxonomy":"category","embeddable":true,"href":"https:\/\/site.ac-martinique.fr\/clg-jacquelinejulius\/wp-json\/wp\/v2\/categories?post=4877"},{"taxonomy":"post_tag","embeddable":true,"href":"https:\/\/site.ac-martinique.fr\/clg-jacquelinejulius\/wp-json\/wp\/v2\/tags?post=4877"}],"curies":[{"name":"wp","href":"https:\/\/api.w.org\/{rel}","templated":true}]}}