{"id":5331,"date":"2025-03-19T09:21:33","date_gmt":"2025-03-19T13:21:33","guid":{"rendered":"https:\/\/site.ac-martinique.fr\/clg-jacquelinejulius\/?p=5331"},"modified":"2025-03-19T09:26:17","modified_gmt":"2025-03-19T13:26:17","slug":"vernissage-de-lexposition-ma-fabrique-a-memoires-valerie-john","status":"publish","type":"post","link":"https:\/\/site.ac-martinique.fr\/clg-jacquelinejulius\/2025\/03\/19\/vernissage-de-lexposition-ma-fabrique-a-memoires-valerie-john\/","title":{"rendered":"Vernissage de l&rsquo;exposition \u00ab\u00a0Ma fabrique \u00e0 m\u00e9moire(s)- Val\u00e9rie John"},"content":{"rendered":"\n<figure class=\"wp-block-gallery has-nested-images columns-default is-cropped wp-block-gallery-1 is-layout-flex wp-block-gallery-is-layout-flex\">\n<figure class=\"wp-block-image size-large\"><a href=\"https:\/\/site.ac-martinique.fr\/clg-jacquelinejulius\/wp-content\/uploads\/sites\/77\/2025\/03\/1000142124-1.jpg\"><img loading=\"lazy\" decoding=\"async\" width=\"1024\" height=\"461\" data-id=\"5340\" src=\"https:\/\/site.ac-martinique.fr\/clg-jacquelinejulius\/wp-content\/uploads\/sites\/77\/2025\/03\/1000142124-1-1024x461.jpg\" alt=\"\" class=\"wp-image-5340\" srcset=\"https:\/\/site.ac-martinique.fr\/clg-jacquelinejulius\/wp-content\/uploads\/sites\/77\/2025\/03\/1000142124-1-1024x461.jpg 1024w, https:\/\/site.ac-martinique.fr\/clg-jacquelinejulius\/wp-content\/uploads\/sites\/77\/2025\/03\/1000142124-1-300x135.jpg 300w, https:\/\/site.ac-martinique.fr\/clg-jacquelinejulius\/wp-content\/uploads\/sites\/77\/2025\/03\/1000142124-1-768x346.jpg 768w, https:\/\/site.ac-martinique.fr\/clg-jacquelinejulius\/wp-content\/uploads\/sites\/77\/2025\/03\/1000142124-1-555x250.jpg 555w, https:\/\/site.ac-martinique.fr\/clg-jacquelinejulius\/wp-content\/uploads\/sites\/77\/2025\/03\/1000142124-1.jpg 1220w\" sizes=\"auto, (max-width: 1024px) 100vw, 1024px\" \/><\/a><\/figure>\n<\/figure>\n\n\n\n<figure class=\"wp-block-gallery has-nested-images columns-default is-cropped wp-block-gallery-2 is-layout-flex wp-block-gallery-is-layout-flex\">\n<figure class=\"wp-block-image size-large\"><a href=\"https:\/\/site.ac-martinique.fr\/clg-jacquelinejulius\/wp-content\/uploads\/sites\/77\/2025\/03\/1000142120.jpg\"><img loading=\"lazy\" decoding=\"async\" width=\"962\" height=\"805\" data-id=\"5337\" src=\"https:\/\/site.ac-martinique.fr\/clg-jacquelinejulius\/wp-content\/uploads\/sites\/77\/2025\/03\/1000142120.jpg\" alt=\"\" class=\"wp-image-5337\" srcset=\"https:\/\/site.ac-martinique.fr\/clg-jacquelinejulius\/wp-content\/uploads\/sites\/77\/2025\/03\/1000142120.jpg 962w, https:\/\/site.ac-martinique.fr\/clg-jacquelinejulius\/wp-content\/uploads\/sites\/77\/2025\/03\/1000142120-300x251.jpg 300w, https:\/\/site.ac-martinique.fr\/clg-jacquelinejulius\/wp-content\/uploads\/sites\/77\/2025\/03\/1000142120-768x643.jpg 768w, https:\/\/site.ac-martinique.fr\/clg-jacquelinejulius\/wp-content\/uploads\/sites\/77\/2025\/03\/1000142120-555x464.jpg 555w\" sizes=\"auto, (max-width: 962px) 100vw, 962px\" \/><\/a><\/figure>\n\n\n\n<figure class=\"wp-block-image size-large\"><a href=\"https:\/\/site.ac-martinique.fr\/clg-jacquelinejulius\/wp-content\/uploads\/sites\/77\/2025\/03\/1000142122.jpg\"><img loading=\"lazy\" decoding=\"async\" width=\"1024\" height=\"606\" data-id=\"5333\" src=\"https:\/\/site.ac-martinique.fr\/clg-jacquelinejulius\/wp-content\/uploads\/sites\/77\/2025\/03\/1000142122-1024x606.jpg\" alt=\"\" class=\"wp-image-5333\" srcset=\"https:\/\/site.ac-martinique.fr\/clg-jacquelinejulius\/wp-content\/uploads\/sites\/77\/2025\/03\/1000142122-1024x606.jpg 1024w, https:\/\/site.ac-martinique.fr\/clg-jacquelinejulius\/wp-content\/uploads\/sites\/77\/2025\/03\/1000142122-300x178.jpg 300w, https:\/\/site.ac-martinique.fr\/clg-jacquelinejulius\/wp-content\/uploads\/sites\/77\/2025\/03\/1000142122-768x455.jpg 768w, https:\/\/site.ac-martinique.fr\/clg-jacquelinejulius\/wp-content\/uploads\/sites\/77\/2025\/03\/1000142122-555x328.jpg 555w, https:\/\/site.ac-martinique.fr\/clg-jacquelinejulius\/wp-content\/uploads\/sites\/77\/2025\/03\/1000142122.jpg 1220w\" sizes=\"auto, (max-width: 1024px) 100vw, 1024px\" \/><\/a><\/figure>\n\n\n\n<figure class=\"wp-block-image size-large\"><a href=\"https:\/\/site.ac-martinique.fr\/clg-jacquelinejulius\/wp-content\/uploads\/sites\/77\/2025\/03\/1000142126.jpg\"><img loading=\"lazy\" decoding=\"async\" width=\"1024\" height=\"672\" data-id=\"5334\" src=\"https:\/\/site.ac-martinique.fr\/clg-jacquelinejulius\/wp-content\/uploads\/sites\/77\/2025\/03\/1000142126-1024x672.jpg\" alt=\"\" class=\"wp-image-5334\" srcset=\"https:\/\/site.ac-martinique.fr\/clg-jacquelinejulius\/wp-content\/uploads\/sites\/77\/2025\/03\/1000142126-1024x672.jpg 1024w, https:\/\/site.ac-martinique.fr\/clg-jacquelinejulius\/wp-content\/uploads\/sites\/77\/2025\/03\/1000142126-300x197.jpg 300w, https:\/\/site.ac-martinique.fr\/clg-jacquelinejulius\/wp-content\/uploads\/sites\/77\/2025\/03\/1000142126-768x504.jpg 768w, https:\/\/site.ac-martinique.fr\/clg-jacquelinejulius\/wp-content\/uploads\/sites\/77\/2025\/03\/1000142126-555x364.jpg 555w, https:\/\/site.ac-martinique.fr\/clg-jacquelinejulius\/wp-content\/uploads\/sites\/77\/2025\/03\/1000142126.jpg 1220w\" sizes=\"auto, (max-width: 1024px) 100vw, 1024px\" \/><\/a><\/figure>\n\n\n\n<figure class=\"wp-block-image size-large\"><a href=\"https:\/\/site.ac-martinique.fr\/clg-jacquelinejulius\/wp-content\/uploads\/sites\/77\/2025\/03\/1000142128.jpg\"><img loading=\"lazy\" decoding=\"async\" width=\"923\" height=\"1024\" data-id=\"5338\" src=\"https:\/\/site.ac-martinique.fr\/clg-jacquelinejulius\/wp-content\/uploads\/sites\/77\/2025\/03\/1000142128-923x1024.jpg\" alt=\"\" class=\"wp-image-5338\" srcset=\"https:\/\/site.ac-martinique.fr\/clg-jacquelinejulius\/wp-content\/uploads\/sites\/77\/2025\/03\/1000142128-923x1024.jpg 923w, https:\/\/site.ac-martinique.fr\/clg-jacquelinejulius\/wp-content\/uploads\/sites\/77\/2025\/03\/1000142128-270x300.jpg 270w, https:\/\/site.ac-martinique.fr\/clg-jacquelinejulius\/wp-content\/uploads\/sites\/77\/2025\/03\/1000142128-768x852.jpg 768w, https:\/\/site.ac-martinique.fr\/clg-jacquelinejulius\/wp-content\/uploads\/sites\/77\/2025\/03\/1000142128-555x616.jpg 555w, https:\/\/site.ac-martinique.fr\/clg-jacquelinejulius\/wp-content\/uploads\/sites\/77\/2025\/03\/1000142128.jpg 1220w\" sizes=\"auto, (max-width: 923px) 100vw, 923px\" \/><\/a><\/figure>\n<\/figure>\n\n\n\n<p>Le coll\u00e8ge Jacqueline Julius pr\u00e9sente \u00ab\u00a0Ma fabrique \u00e0 M\u00e9moire(s)\u00a0\u00bb, la 9e exposition de son Lieu d&rsquo;Art et de Culture, mettant en lumi\u00e8re le travail de la plasticienne Val\u00e9rie John. Cette exposition enrichie de cr\u00e9ations des \u00e9l\u00e8ves de la classe option Arts : la 5\u00e8me C est visible jusqu&rsquo;au 31 Mars 2025.<\/p>\n","protected":false},"excerpt":{"rendered":"<p>Le coll\u00e8ge Jacqueline Julius pr\u00e9sente \u00ab\u00a0Ma fabrique \u00e0 M\u00e9moire(s)\u00a0\u00bb, la 9e exposition de son Lieu d&rsquo;Art et de Culture, mettant en lumi\u00e8re le travail de la plasticienne Val\u00e9rie John. Cette exposition enrichie de cr\u00e9ations des \u00e9l\u00e8ves de la classe option Arts : la 5\u00e8me C est visible jusqu&rsquo;au 31 Mars 2025.<\/p>\n","protected":false},"author":396,"featured_media":0,"comment_status":"open","ping_status":"open","sticky":false,"template":"","format":"standard","meta":{"footnotes":""},"categories":[37,58],"tags":[],"class_list":["post-5331","post","type-post","status-publish","format-standard","hentry","category-arts-plastiques","category-galerie-du-college-arts-plastiques","item-wrap"],"_links":{"self":[{"href":"https:\/\/site.ac-martinique.fr\/clg-jacquelinejulius\/wp-json\/wp\/v2\/posts\/5331","targetHints":{"allow":["GET"]}}],"collection":[{"href":"https:\/\/site.ac-martinique.fr\/clg-jacquelinejulius\/wp-json\/wp\/v2\/posts"}],"about":[{"href":"https:\/\/site.ac-martinique.fr\/clg-jacquelinejulius\/wp-json\/wp\/v2\/types\/post"}],"author":[{"embeddable":true,"href":"https:\/\/site.ac-martinique.fr\/clg-jacquelinejulius\/wp-json\/wp\/v2\/users\/396"}],"replies":[{"embeddable":true,"href":"https:\/\/site.ac-martinique.fr\/clg-jacquelinejulius\/wp-json\/wp\/v2\/comments?post=5331"}],"version-history":[{"count":1,"href":"https:\/\/site.ac-martinique.fr\/clg-jacquelinejulius\/wp-json\/wp\/v2\/posts\/5331\/revisions"}],"predecessor-version":[{"id":5341,"href":"https:\/\/site.ac-martinique.fr\/clg-jacquelinejulius\/wp-json\/wp\/v2\/posts\/5331\/revisions\/5341"}],"wp:attachment":[{"href":"https:\/\/site.ac-martinique.fr\/clg-jacquelinejulius\/wp-json\/wp\/v2\/media?parent=5331"}],"wp:term":[{"taxonomy":"category","embeddable":true,"href":"https:\/\/site.ac-martinique.fr\/clg-jacquelinejulius\/wp-json\/wp\/v2\/categories?post=5331"},{"taxonomy":"post_tag","embeddable":true,"href":"https:\/\/site.ac-martinique.fr\/clg-jacquelinejulius\/wp-json\/wp\/v2\/tags?post=5331"}],"curies":[{"name":"wp","href":"https:\/\/api.w.org\/{rel}","templated":true}]}}