{"id":5565,"date":"2026-04-24T21:57:00","date_gmt":"2026-04-25T01:57:00","guid":{"rendered":"https:\/\/site.ac-martinique.fr\/clg-jacquelinejulius\/?p=5565"},"modified":"2026-04-25T23:03:28","modified_gmt":"2026-04-26T03:03:28","slug":"college-en-progres-demi-journee","status":"publish","type":"post","link":"https:\/\/site.ac-martinique.fr\/clg-jacquelinejulius\/2026\/04\/24\/college-en-progres-demi-journee\/","title":{"rendered":"Coll\u00e8ge en progr\u00e8s : Demi-journ\u00e9e"},"content":{"rendered":"\n<p><\/p>\n\n\n\n<p>Madame, monsieur, cher(e)s coll\u00e8gue,<\/p>\n\n\n\n<p>Dans le cadre de la mise en \u0153uvre du dispositif \u00ab\u00a0Coll\u00e8ge en progr\u00e8s\u00a0\u00bb, je vous informe que notre premi\u00e8re \u00bd journ\u00e9e banalis\u00e9e se tiendra le <strong>mardi 28 avril 2026, \u00a0au coll\u00e8ge Jacqueline JULIUS, de 13h30 \u00e0 16h30 en salle Aim\u00e9 CESAIRE<\/strong>. Ce temps de r\u00e9flexion collective sera l&rsquo;occasion pour notre communaut\u00e9 \u00e9ducative, de construire une vision commune des difficult\u00e9s des \u00e9l\u00e8ves dans le domaine des apprentissages fondamentaux.\u00a0<\/p>\n\n\n\n<figure class=\"wp-block-embed\"><div class=\"wp-block-embed__wrapper\">\nhttps:\/\/www.education.gouv.fr\/colleges-en-progres-accompagner-les-eleves-qui-en-ont-le-plus-besoin-468737\n<\/div><\/figure>\n","protected":false},"excerpt":{"rendered":"<p>Madame, monsieur, cher(e)s coll\u00e8gue, Dans le cadre de la mise en \u0153uvre du dispositif \u00ab\u00a0Coll\u00e8ge en progr\u00e8s\u00a0\u00bb, je vous informe que notre premi\u00e8re \u00bd journ\u00e9e banalis\u00e9e se tiendra le mardi 28 avril 2026, \u00a0au coll\u00e8ge Jacqueline JULIUS, de 13h30 \u00e0 16h30 en salle Aim\u00e9 CESAIRE. Ce temps de r\u00e9flexion collective sera l&rsquo;occasion pour notre communaut\u00e9 &hellip; <\/p>\n<p><a class=\"more-link btn\" href=\"https:\/\/site.ac-martinique.fr\/clg-jacquelinejulius\/2026\/04\/24\/college-en-progres-demi-journee\/\">Lire la suite<\/a><\/p>\n","protected":false},"author":250,"featured_media":0,"comment_status":"open","ping_status":"open","sticky":false,"template":"","format":"standard","meta":{"footnotes":""},"categories":[1],"tags":[],"class_list":["post-5565","post","type-post","status-publish","format-standard","hentry","category-non-classe","item-wrap"],"_links":{"self":[{"href":"https:\/\/site.ac-martinique.fr\/clg-jacquelinejulius\/wp-json\/wp\/v2\/posts\/5565","targetHints":{"allow":["GET"]}}],"collection":[{"href":"https:\/\/site.ac-martinique.fr\/clg-jacquelinejulius\/wp-json\/wp\/v2\/posts"}],"about":[{"href":"https:\/\/site.ac-martinique.fr\/clg-jacquelinejulius\/wp-json\/wp\/v2\/types\/post"}],"author":[{"embeddable":true,"href":"https:\/\/site.ac-martinique.fr\/clg-jacquelinejulius\/wp-json\/wp\/v2\/users\/250"}],"replies":[{"embeddable":true,"href":"https:\/\/site.ac-martinique.fr\/clg-jacquelinejulius\/wp-json\/wp\/v2\/comments?post=5565"}],"version-history":[{"count":1,"href":"https:\/\/site.ac-martinique.fr\/clg-jacquelinejulius\/wp-json\/wp\/v2\/posts\/5565\/revisions"}],"predecessor-version":[{"id":5566,"href":"https:\/\/site.ac-martinique.fr\/clg-jacquelinejulius\/wp-json\/wp\/v2\/posts\/5565\/revisions\/5566"}],"wp:attachment":[{"href":"https:\/\/site.ac-martinique.fr\/clg-jacquelinejulius\/wp-json\/wp\/v2\/media?parent=5565"}],"wp:term":[{"taxonomy":"category","embeddable":true,"href":"https:\/\/site.ac-martinique.fr\/clg-jacquelinejulius\/wp-json\/wp\/v2\/categories?post=5565"},{"taxonomy":"post_tag","embeddable":true,"href":"https:\/\/site.ac-martinique.fr\/clg-jacquelinejulius\/wp-json\/wp\/v2\/tags?post=5565"}],"curies":[{"name":"wp","href":"https:\/\/api.w.org\/{rel}","templated":true}]}}